{"id":926,"date":"2024-11-28T16:22:48","date_gmt":"2024-11-28T15:22:48","guid":{"rendered":"https:\/\/gymer.es\/blog\/?p=926"},"modified":"2024-11-28T16:24:29","modified_gmt":"2024-11-28T15:24:29","slug":"octyl-la-revolucion-en-cuidado-personal-que-transforma-tu-estilo","status":"publish","type":"post","link":"https:\/\/gymer.es\/blog\/octyl-la-revolucion-en-cuidado-personal-que-transforma-tu-estilo\/","title":{"rendered":"Octyl: La Revoluci\u00f3n en Cuidado Personal que Transforma tu Estilo"},"content":{"rendered":"\n<p><\/p>\n\n\n\n<p>En el universo de la belleza y el cuidado personal, encontrar productos que realmente cumplan con sus promesas puede ser un desaf\u00edo. La marca <strong>Octyl<\/strong> ha logrado destacar en el competitivo mercado gracias a su enfoque innovador, su compromiso con la calidad y su capacidad para satisfacer las necesidades tanto de hombres como de mujeres. Especializada en cuidado del cabello, afeitado y ceras para el peinado, Octyl ofrece soluciones completas para quienes buscan productos efectivos y confiables.<\/p>\n\n\n\n<p>Acomp\u00e1\u00f1anos a explorar las razones por las cuales Octyl se ha convertido en un referente en el mundo del cuidado personal.<\/p>\n\n\n\n<p><\/p>\n\n\n\n<div id=\"ez-toc-container\" class=\"ez-toc-v2_0_74 counter-hierarchy ez-toc-counter ez-toc-grey ez-toc-container-direction\">\n<div class=\"ez-toc-title-container\">\n<p class=\"ez-toc-title\" style=\"cursor:inherit\">Table of Contents<\/p>\n<span class=\"ez-toc-title-toggle\"><a href=\"#\" class=\"ez-toc-pull-right ez-toc-btn ez-toc-btn-xs ez-toc-btn-default ez-toc-toggle\" aria-label=\"Alternar tabla de contenidos\"><span class=\"ez-toc-js-icon-con\"><span class=\"\"><span class=\"eztoc-hide\" style=\"display:none;\">Toggle<\/span><span class=\"ez-toc-icon-toggle-span\"><svg style=\"fill: #999;color:#999\" xmlns=\"http:\/\/www.w3.org\/2000\/svg\" class=\"list-377408\" width=\"20px\" height=\"20px\" viewBox=\"0 0 24 24\" fill=\"none\"><path d=\"M6 6H4v2h2V6zm14 0H8v2h12V6zM4 11h2v2H4v-2zm16 0H8v2h12v-2zM4 16h2v2H4v-2zm16 0H8v2h12v-2z\" fill=\"currentColor\"><\/path><\/svg><svg style=\"fill: #999;color:#999\" class=\"arrow-unsorted-368013\" xmlns=\"http:\/\/www.w3.org\/2000\/svg\" width=\"10px\" height=\"10px\" viewBox=\"0 0 24 24\" version=\"1.2\" baseProfile=\"tiny\"><path d=\"M18.2 9.3l-6.2-6.3-6.2 6.3c-.2.2-.3.4-.3.7s.1.5.3.7c.2.2.4.3.7.3h11c.3 0 .5-.1.7-.3.2-.2.3-.5.3-.7s-.1-.5-.3-.7zM5.8 14.7l6.2 6.3 6.2-6.3c.2-.2.3-.5.3-.7s-.1-.5-.3-.7c-.2-.2-.4-.3-.7-.3h-11c-.3 0-.5.1-.7.3-.2.2-.3.5-.3.7s.1.5.3.7z\"\/><\/svg><\/span><\/span><\/span><\/a><\/span><\/div>\n<nav><ul class='ez-toc-list ez-toc-list-level-1 ' ><li class='ez-toc-page-1 ez-toc-heading-level-3'><a class=\"ez-toc-link ez-toc-heading-1\" href=\"https:\/\/gymer.es\/blog\/octyl-la-revolucion-en-cuidado-personal-que-transforma-tu-estilo\/#Cuidado_del_cabello_ciencia_al_servicio_de_la_salud_capilar\" >Cuidado del cabello: ciencia al servicio de la salud capilar<\/a><ul class='ez-toc-list-level-4' ><li class='ez-toc-heading-level-4'><a class=\"ez-toc-link ez-toc-heading-2\" href=\"https:\/\/gymer.es\/blog\/octyl-la-revolucion-en-cuidado-personal-que-transforma-tu-estilo\/#Formulas_que_nutren_desde_la_raiz\" >F\u00f3rmulas que nutren desde la ra\u00edz<\/a><\/li><\/ul><\/li><li class='ez-toc-page-1 ez-toc-heading-level-3'><a class=\"ez-toc-link ez-toc-heading-3\" href=\"https:\/\/gymer.es\/blog\/octyl-la-revolucion-en-cuidado-personal-que-transforma-tu-estilo\/#Afeitado_comodidad_y_precision_en_cada_pasada\" >Afeitado: comodidad y precisi\u00f3n en cada pasada<\/a><ul class='ez-toc-list-level-4' ><li class='ez-toc-heading-level-4'><a class=\"ez-toc-link ez-toc-heading-4\" href=\"https:\/\/gymer.es\/blog\/octyl-la-revolucion-en-cuidado-personal-que-transforma-tu-estilo\/#Geles_y_espumas_que_cuidan_la_piel\" >Geles y espumas que cuidan la piel<\/a><\/li><li class='ez-toc-page-1 ez-toc-heading-level-4'><a class=\"ez-toc-link ez-toc-heading-5\" href=\"https:\/\/gymer.es\/blog\/octyl-la-revolucion-en-cuidado-personal-que-transforma-tu-estilo\/#Compromiso_con_la_sostenibilidad\" >Compromiso con la sostenibilidad<\/a><\/li><\/ul><\/li><li class='ez-toc-page-1 ez-toc-heading-level-3'><a class=\"ez-toc-link ez-toc-heading-6\" href=\"https:\/\/gymer.es\/blog\/octyl-la-revolucion-en-cuidado-personal-que-transforma-tu-estilo\/#Ceras_para_el_cabello_estilo_que_dura_todo_el_dia\" >Ceras para el cabello: estilo que dura todo el d\u00eda<\/a><ul class='ez-toc-list-level-4' ><li class='ez-toc-heading-level-4'><a class=\"ez-toc-link ez-toc-heading-7\" href=\"https:\/\/gymer.es\/blog\/octyl-la-revolucion-en-cuidado-personal-que-transforma-tu-estilo\/#Versatilidad_en_estilos_y_acabados\" >Versatilidad en estilos y acabados.<\/a><\/li><li class='ez-toc-page-1 ez-toc-heading-level-4'><a class=\"ez-toc-link ez-toc-heading-8\" href=\"https:\/\/gymer.es\/blog\/octyl-la-revolucion-en-cuidado-personal-que-transforma-tu-estilo\/#Fijacion_sin_rigidez\" >Fijaci\u00f3n sin rigidez<\/a><\/li><li class='ez-toc-page-1 ez-toc-heading-level-4'><a class=\"ez-toc-link ez-toc-heading-9\" href=\"https:\/\/gymer.es\/blog\/octyl-la-revolucion-en-cuidado-personal-que-transforma-tu-estilo\/#Ingredientes_amigables_con_el_cabello\" >Ingredientes amigables con el cabello<\/a><\/li><\/ul><\/li><li class='ez-toc-page-1 ez-toc-heading-level-3'><a class=\"ez-toc-link ez-toc-heading-10\" href=\"https:\/\/gymer.es\/blog\/octyl-la-revolucion-en-cuidado-personal-que-transforma-tu-estilo\/#El_compromiso_Octyl_calidad_innovacion_y_responsabilidad\" >El compromiso Octyl: calidad, innovaci\u00f3n y responsabilidad<\/a><ul class='ez-toc-list-level-4' ><li class='ez-toc-heading-level-4'><a class=\"ez-toc-link ez-toc-heading-11\" href=\"https:\/\/gymer.es\/blog\/octyl-la-revolucion-en-cuidado-personal-que-transforma-tu-estilo\/#Calidad_certificada\" >Calidad certificada<\/a><\/li><li class='ez-toc-page-1 ez-toc-heading-level-4'><a class=\"ez-toc-link ez-toc-heading-12\" href=\"https:\/\/gymer.es\/blog\/octyl-la-revolucion-en-cuidado-personal-que-transforma-tu-estilo\/#Innovacion_constante\" >Innovaci\u00f3n constante<\/a><\/li><li class='ez-toc-page-1 ez-toc-heading-level-4'><a class=\"ez-toc-link ez-toc-heading-13\" href=\"https:\/\/gymer.es\/blog\/octyl-la-revolucion-en-cuidado-personal-que-transforma-tu-estilo\/#Responsabilidad_social_y_ambiental\" >Responsabilidad social y ambiental<\/a><\/li><\/ul><\/li><li class='ez-toc-page-1 ez-toc-heading-level-3'><a class=\"ez-toc-link ez-toc-heading-14\" href=\"https:\/\/gymer.es\/blog\/octyl-la-revolucion-en-cuidado-personal-que-transforma-tu-estilo\/#%C2%BFPor_que_elegir_Octyl\" >\u00bfPor qu\u00e9 elegir Octyl?<\/a><\/li><\/ul><\/nav><\/div>\n<h3 class=\"wp-block-heading\"><span class=\"ez-toc-section\" id=\"Cuidado_del_cabello_ciencia_al_servicio_de_la_salud_capilar\"><\/span><strong>Cuidado del cabello: ciencia al servicio de la salud capilar<\/strong><span class=\"ez-toc-section-end\"><\/span><\/h3>\n\n\n\n<p>El cabello es m\u00e1s que una caracter\u00edstica est\u00e9tica: es un reflejo de salud, estilo y personalidad. Con esto en mente, Octyl ha desarrollado una l\u00ednea de productos que combinan ingredientes naturales con la tecnolog\u00eda m\u00e1s avanzada para proporcionar un cuidado capilar integral.<\/p>\n\n\n\n<h4 class=\"wp-block-heading\"><span class=\"ez-toc-section\" id=\"Formulas_que_nutren_desde_la_raiz\"><\/span><strong>F\u00f3rmulas que nutren desde la ra\u00edz<\/strong><span class=\"ez-toc-section-end\"><\/span><\/h4>\n\n\n\n<p>Los productos capilares de Octyl no solo limpian; Tambi\u00e9n nutren profundamente. Sus <strong><a href=\"https:\/\/gymer.es\/cosmetica\/275-champu-revitalizante-250-ml-octyl.html\">champ\u00fas<\/a> <\/strong>est\u00e1n formulados con activos como biotina , pantenol y extractos bot\u00e1nicos, que fortalecen la fibra capilar, previenen la <strong><a href=\"https:\/\/gymer.es\/cosmetica\/274-champu-anti-caida-250-ml-octyl.html\">ca\u00edda del cabello<\/a><\/strong> y aportan brillo natural. Adem\u00e1s, son libres de sulfatos y parabenos, lo que los hace ideales incluso para los cueros m\u00e1s sensibles.<\/p>\n\n\n\n<h3 class=\"wp-block-heading\"><span class=\"ez-toc-section\" id=\"Afeitado_comodidad_y_precision_en_cada_pasada\"><\/span><strong>Afeitado: comodidad y precisi\u00f3n en cada pasada<\/strong><span class=\"ez-toc-section-end\"><\/span><\/h3>\n\n\n\n<p>El afeitado es una de las rutinas m\u00e1s importantes para muchos hombres y, en algunos casos, mujeres. Sin embargo, tambi\u00e9n puede ser una fuente de irritaci\u00f3n si no se utilizan los productos adecuados. Octyl entiende esto y ha creado una gama de productos dise\u00f1ados para garantizar un afeitado suave, efectivo y sin molestias.<\/p>\n\n\n\n<h4 class=\"wp-block-heading\"><span class=\"ez-toc-section\" id=\"Geles_y_espumas_que_cuidan_la_piel\"><\/span><strong>Geles y espumas que cuidan la piel<\/strong><span class=\"ez-toc-section-end\"><\/span><\/h4>\n\n\n\n<p>La<strong> <a href=\"https:\/\/gymer.es\/cosmetica\/272-gel-de-afeitado-shaving-gel-250-ml-octyl.html\">l\u00ednea de afeitado<\/a><\/strong> de Octyl destaca por sus f\u00f3rmulas enriquecidas con aloe vera, t\u00e9 verde y vitamina E. Estos ingredientes no solo preparan la piel para un afeitado m\u00e1s c\u00f3modo, sino que tambi\u00e9n la hidratan y calman, minimizando el riesgo de cortes, irritaciones o pelos encarnados.<\/p>\n\n\n\n<h4 class=\"wp-block-heading\"><span class=\"ez-toc-section\" id=\"Compromiso_con_la_sostenibilidad\"><\/span><strong>Compromiso con la sostenibilidad<\/strong><span class=\"ez-toc-section-end\"><\/span><\/h4>\n\n\n\n<p>Octyl tambi\u00e9n apuesta por la sostenibilidad al incluir envases reciclables y f\u00f3rmulas biodegradables en su l\u00ednea de afeitado. Esta combinaci\u00f3n de eficacia y conciencia ecol\u00f3gica es uno de los valores m\u00e1s destacados de la marca.<\/p>\n\n\n\n<p><\/p>\n\n\n\n<h3 class=\"wp-block-heading\"><span class=\"ez-toc-section\" id=\"Ceras_para_el_cabello_estilo_que_dura_todo_el_dia\"><\/span><strong>Ceras para el cabello: estilo que dura todo el d\u00eda<\/strong><span class=\"ez-toc-section-end\"><\/span><\/h3>\n\n\n\n<p>En el mundo del peinado, las ceras son herramientas indispensables para quienes desean mantener su look impecable durante todo el d\u00eda. Octyl ha revolucionado este segmento al ofrecer productos que no solo estilizan, sino que tambi\u00e9n cuidan la salud del cabello.<\/p>\n\n\n\n<h4 class=\"wp-block-heading\"><span class=\"ez-toc-section\" id=\"Versatilidad_en_estilos_y_acabados\"><\/span><strong>Versatilidad en estilos y acabados.<\/strong><span class=\"ez-toc-section-end\"><\/span><\/h4>\n\n\n\n<p>Octyl entiende que cada persona tiene un estilo \u00fanico. Por eso, su gama de ceras incluye opciones para todo tipo de acabados:<\/p>\n\n\n\n<ul>\n<li><strong><a href=\"https:\/\/gymer.es\/cosmetica\/270-cera-mate-cream-80-gr-octyl.html\">Mate<\/a>:<\/strong> Ideal para un look natural y sin brillo.<\/li>\n\n\n\n<li><strong><a href=\"https:\/\/gymer.es\/cosmetica\/269-pomada-de-brillo-water-pomade-80-gr-octyl.html\">Brillante<\/a>:<\/strong> Perfecto para estilos pulidos y definidos.<\/li>\n\n\n\n<li><strong><a href=\"https:\/\/gymer.es\/cosmetica\/271-cera-en-polvo-mutant-powder-22-gr-octyl.html\">Texturizante<\/a><a href=\"https:\/\/gymer.es\/cosmetica\/267-spray-de-volumen-powder-voluamazing-22-gr.html\">:<\/a><\/strong> A\u00f1ade volumen y dimensi\u00f3n, especialmente \u00fatil para cabello corto o peinados modernos.<\/li>\n<\/ul>\n\n\n\n<h4 class=\"wp-block-heading\"><span class=\"ez-toc-section\" id=\"Fijacion_sin_rigidez\"><\/span><strong>Fijaci\u00f3n sin rigidez<\/strong><span class=\"ez-toc-section-end\"><\/span><\/h4>\n\n\n\n<p>A diferencia de otros productos en el mercado, las ceras de Octyl ofrecen una fijaci\u00f3n duradera sin dejar el cabello r\u00edgido o pegajoso. Esto permite retocar el peinado durante el d\u00eda sin necesidad de volver a aplicar producto.<\/p>\n\n\n\n<h4 class=\"wp-block-heading\"><span class=\"ez-toc-section\" id=\"Ingredientes_amigables_con_el_cabello\"><\/span><strong>Ingredientes amigables con el cabello<\/strong><span class=\"ez-toc-section-end\"><\/span><\/h4>\n\n\n\n<p>Gracias a ingredientes como aceites esenciales y manteca de karit\u00e9, las ceras de Octyl no solo peinan, sino que tambi\u00e9n hidratan y fortalecen el cabello. Adem\u00e1s, son f\u00e1ciles de eliminar con un simple lavado, evitando acumulaciones que pueden da\u00f1ar el cuero cabelludo.<\/p>\n\n\n\n<p><\/p>\n\n\n\n<h3 class=\"wp-block-heading\"><span class=\"ez-toc-section\" id=\"El_compromiso_Octyl_calidad_innovacion_y_responsabilidad\"><\/span><strong>El compromiso Octyl: calidad, innovaci\u00f3n y responsabilidad<\/strong><span class=\"ez-toc-section-end\"><\/span><\/h3>\n\n\n\n<p>Lo que realmente diferencia a Octyl de otras marcas es su enfoque en tres pilares fundamentales: calidad, innovaci\u00f3n y responsabilidad.<\/p>\n\n\n\n<h4 class=\"wp-block-heading\"><span class=\"ez-toc-section\" id=\"Calidad_certificada\"><\/span><strong>Calidad certificada<\/strong><span class=\"ez-toc-section-end\"><\/span><\/h4>\n\n\n\n<p>Cada producto de Octyl pasa por rigurosos controles de calidad para garantizar su eficacia y seguridad. Esto ha permitido que la marca gane la confianza de miles de consumidores en todo el mundo.<\/p>\n\n\n\n<h4 class=\"wp-block-heading\"><span class=\"ez-toc-section\" id=\"Innovacion_constante\"><\/span><strong>Innovaci\u00f3n constante<\/strong><span class=\"ez-toc-section-end\"><\/span><\/h4>\n\n\n\n<p>Octyl invierte continuamente en investigaci\u00f3n y desarrollo, buscando siempre nuevas maneras de mejorar sus productos y responder a las demandas cambiantes del mercado. Desde f\u00f3rmulas mejoradas hasta envases m\u00e1s pr\u00e1cticos, la innovaci\u00f3n est\u00e1 en el ADN de la marca.<\/p>\n\n\n\n<h4 class=\"wp-block-heading\"><span class=\"ez-toc-section\" id=\"Responsabilidad_social_y_ambiental\"><\/span><strong>Responsabilidad social y ambiental<\/strong><span class=\"ez-toc-section-end\"><\/span><\/h4>\n\n\n\n<p>Adem\u00e1s de productos ofrecer efectivo, Octyl tambi\u00e9n se preocupa por el impacto de sus operaciones en el medio ambiente. La marca trabaja con proveedores sostenibles, utiliza materiales reciclados en sus envases y fomenta pr\u00e1cticas responsables en toda su cadena de suministro<\/p>\n\n\n\n<p><\/p>\n\n\n\n<h3 class=\"wp-block-heading\"><span class=\"ez-toc-section\" id=\"%C2%BFPor_que_elegir_Octyl\"><\/span><strong>\u00bfPor qu\u00e9 elegir Octyl?<\/strong><span class=\"ez-toc-section-end\"><\/span><\/h3>\n\n\n\n<p>Elegir Octyl es apostar por una marca que realmente entiende tus necesidades y trabaja para satisfacerlas con productos de alta calidad. Tanto si buscas fortalecer tu cabello, disfrutar de un afeitado sin irritaciones o lograr el peinado perfecto, Octyl tiene algo para ti.<\/p>\n\n\n\n<p>Adem\u00e1s, su compromiso con la sostenibilidad y la innovaci\u00f3n asegura que, al elegir sus productos, no solo est\u00e1s invirtiendo en tu cuidado personal, sino tambi\u00e9n en un futuro m\u00e1s responsable y consciente.<\/p>\n\n\n\n<p><\/p>\n\n\n\n<p>En un mundo donde las opciones parecen infinitas, Octyl se posiciona como una marca confiable y vers\u00e1til para quienes buscan resultados reales en el cuidado del cabello, el afeitado y el peinado. Con ingredientes de calidad, tecnolog\u00eda innovadora y un compromiso claro con el medio ambiente, Octyl no solo se preocupa por tu imagen, sino tambi\u00e9n por tu bienestar general.<\/p>\n\n\n\n<p>Es momento de experimentar la diferencia. Atr\u00e9vete a incorporar Octyl en tu rutina diaria y descubre c\u00f3mo puede transformar la manera en que cuidas de ti mismo. Tu cabello, tu piel y tu estilo te lo agradecer\u00e1n.<\/p>\n","protected":false},"excerpt":{"rendered":"<p>En el universo de la belleza y el cuidado personal, encontrar productos que realmente cumplan con sus promesas puede ser un desaf\u00edo. La marca Octyl ha logrado destacar en el competitivo mercado gracias a su enfoque innovador, su compromiso con la calidad y su capacidad para satisfacer las necesidades tanto de hombres como de mujeres. [&hellip;]<\/p>\n","protected":false},"author":2,"featured_media":927,"comment_status":"closed","ping_status":"closed","sticky":false,"template":"","format":"standard","meta":{"footnotes":""},"categories":[5],"tags":[2301,784,74,2316,2320,2325,2326,2319,2329,2305,2304,2303,2302,2314,2313,2315,2299,2300,2298,2309,2318,2327,2328,76,2310,2321,2322,2323,2317,2308,2307,1127,2324,67,1747],"_links":{"self":[{"href":"https:\/\/gymer.es\/blog\/wp-json\/wp\/v2\/posts\/926"}],"collection":[{"href":"https:\/\/gymer.es\/blog\/wp-json\/wp\/v2\/posts"}],"about":[{"href":"https:\/\/gymer.es\/blog\/wp-json\/wp\/v2\/types\/post"}],"author":[{"embeddable":true,"href":"https:\/\/gymer.es\/blog\/wp-json\/wp\/v2\/users\/2"}],"replies":[{"embeddable":true,"href":"https:\/\/gymer.es\/blog\/wp-json\/wp\/v2\/comments?post=926"}],"version-history":[{"count":2,"href":"https:\/\/gymer.es\/blog\/wp-json\/wp\/v2\/posts\/926\/revisions"}],"predecessor-version":[{"id":929,"href":"https:\/\/gymer.es\/blog\/wp-json\/wp\/v2\/posts\/926\/revisions\/929"}],"wp:featuredmedia":[{"embeddable":true,"href":"https:\/\/gymer.es\/blog\/wp-json\/wp\/v2\/media\/927"}],"wp:attachment":[{"href":"https:\/\/gymer.es\/blog\/wp-json\/wp\/v2\/media?parent=926"}],"wp:term":[{"taxonomy":"category","embeddable":true,"href":"https:\/\/gymer.es\/blog\/wp-json\/wp\/v2\/categories?post=926"},{"taxonomy":"post_tag","embeddable":true,"href":"https:\/\/gymer.es\/blog\/wp-json\/wp\/v2\/tags?post=926"}],"curies":[{"name":"wp","href":"https:\/\/api.w.org\/{rel}","templated":true}]}}