{"id":89,"date":"2023-10-05T16:27:02","date_gmt":"2023-10-05T14:27:02","guid":{"rendered":"https:\/\/gymer.es\/blog\/?p=89"},"modified":"2023-10-05T16:27:03","modified_gmt":"2023-10-05T14:27:03","slug":"recuperando-la-frescura-cuidados-de-la-piel-tras-el-verano","status":"publish","type":"post","link":"https:\/\/gymer.es\/blog\/recuperando-la-frescura-cuidados-de-la-piel-tras-el-verano\/","title":{"rendered":"Recuperando la Frescura: Cuidados de la Piel Tras el Verano"},"content":{"rendered":"\n<p>El verano es una \u00e9poca en la que solemos disfrutar al m\u00e1ximo al aire libre, bajo el c\u00e1lido sol y la brisa del mar. Sin embargo, esta temporada tambi\u00e9n puede dejar huellas en nuestra piel, ya que la exposici\u00f3n prolongada al sol, el cloro de las piscinas, la sal del mar y otros factores ambientales pueden afectar su salud y apariencia. Para mantener una piel radiante y saludable despu\u00e9s del verano, es crucial dedicar tiempo y esfuerzo a los cuidados adecuados. Aqu\u00ed te ofrecemos una gu\u00eda completa sobre c\u00f3mo recuperar la frescura y revitalizar tu piel despu\u00e9s de los meses estivales.<\/p>\n\n\n\n<div id=\"ez-toc-container\" class=\"ez-toc-v2_0_74 counter-hierarchy ez-toc-counter ez-toc-grey ez-toc-container-direction\">\n<div class=\"ez-toc-title-container\">\n<p class=\"ez-toc-title\" style=\"cursor:inherit\">Table of Contents<\/p>\n<span class=\"ez-toc-title-toggle\"><a href=\"#\" class=\"ez-toc-pull-right ez-toc-btn ez-toc-btn-xs ez-toc-btn-default ez-toc-toggle\" aria-label=\"Alternar tabla de contenidos\"><span class=\"ez-toc-js-icon-con\"><span class=\"\"><span class=\"eztoc-hide\" style=\"display:none;\">Toggle<\/span><span class=\"ez-toc-icon-toggle-span\"><svg style=\"fill: #999;color:#999\" xmlns=\"http:\/\/www.w3.org\/2000\/svg\" class=\"list-377408\" width=\"20px\" height=\"20px\" viewBox=\"0 0 24 24\" fill=\"none\"><path d=\"M6 6H4v2h2V6zm14 0H8v2h12V6zM4 11h2v2H4v-2zm16 0H8v2h12v-2zM4 16h2v2H4v-2zm16 0H8v2h12v-2z\" fill=\"currentColor\"><\/path><\/svg><svg style=\"fill: #999;color:#999\" class=\"arrow-unsorted-368013\" xmlns=\"http:\/\/www.w3.org\/2000\/svg\" width=\"10px\" height=\"10px\" viewBox=\"0 0 24 24\" version=\"1.2\" baseProfile=\"tiny\"><path d=\"M18.2 9.3l-6.2-6.3-6.2 6.3c-.2.2-.3.4-.3.7s.1.5.3.7c.2.2.4.3.7.3h11c.3 0 .5-.1.7-.3.2-.2.3-.5.3-.7s-.1-.5-.3-.7zM5.8 14.7l6.2 6.3 6.2-6.3c.2-.2.3-.5.3-.7s-.1-.5-.3-.7c-.2-.2-.4-.3-.7-.3h-11c-.3 0-.5.1-.7.3-.2.2-.3.5-.3.7s.1.5.3.7z\"\/><\/svg><\/span><\/span><\/span><\/a><\/span><\/div>\n<nav><ul class='ez-toc-list ez-toc-list-level-1 ' ><li class='ez-toc-page-1 ez-toc-heading-level-3'><a class=\"ez-toc-link ez-toc-heading-1\" href=\"https:\/\/gymer.es\/blog\/recuperando-la-frescura-cuidados-de-la-piel-tras-el-verano\/#1_Limpieza_Profunda_y_Exfoliacion\" >1. Limpieza Profunda y Exfoliaci\u00f3n<\/a><\/li><li class='ez-toc-page-1 ez-toc-heading-level-3'><a class=\"ez-toc-link ez-toc-heading-2\" href=\"https:\/\/gymer.es\/blog\/recuperando-la-frescura-cuidados-de-la-piel-tras-el-verano\/#2_Hidratacion_Intensiva\" >2. Hidrataci\u00f3n Intensiva<\/a><\/li><li class='ez-toc-page-1 ez-toc-heading-level-3'><a class=\"ez-toc-link ez-toc-heading-3\" href=\"https:\/\/gymer.es\/blog\/recuperando-la-frescura-cuidados-de-la-piel-tras-el-verano\/#3_Tratamientos_Reparadores\" >3. Tratamientos Reparadores<\/a><\/li><li class='ez-toc-page-1 ez-toc-heading-level-3'><a class=\"ez-toc-link ez-toc-heading-4\" href=\"https:\/\/gymer.es\/blog\/recuperando-la-frescura-cuidados-de-la-piel-tras-el-verano\/#4_Mascarillas_y_Mimos_Especiales\" >4. Mascarillas y Mimos Especiales<\/a><\/li><li class='ez-toc-page-1 ez-toc-heading-level-3'><a class=\"ez-toc-link ez-toc-heading-5\" href=\"https:\/\/gymer.es\/blog\/recuperando-la-frescura-cuidados-de-la-piel-tras-el-verano\/#5_Dieta_Saludable_y_Nutritiva\" >5. Dieta Saludable y Nutritiva<\/a><\/li><li class='ez-toc-page-1 ez-toc-heading-level-3'><a class=\"ez-toc-link ez-toc-heading-6\" href=\"https:\/\/gymer.es\/blog\/recuperando-la-frescura-cuidados-de-la-piel-tras-el-verano\/#6_Ejercicio_y_Descanso\" >6. Ejercicio y Descanso<\/a><\/li><\/ul><\/nav><\/div>\n<h3 class=\"wp-block-heading has-maximum-yellow-red-color has-text-color\"><span class=\"ez-toc-section\" id=\"1_Limpieza_Profunda_y_Exfoliacion\"><\/span>1. Limpieza Profunda y Exfoliaci\u00f3n<span class=\"ez-toc-section-end\"><\/span><\/h3>\n\n\n\n<p>Despu\u00e9s de los meses de verano, es esencial realizar una limpieza profunda de la piel para eliminar el exceso de grasa, sudor, c\u00e9lulas muertas y restos de protector solar. Opta por limpiadores suaves que no resequen la piel y que mantengan su equilibrio natural. La exfoliaci\u00f3n tambi\u00e9n es fundamental para eliminar las c\u00e9lulas muertas y promover la regeneraci\u00f3n celular. Utiliza un exfoliante suave una o dos veces por semana para conseguir una piel m\u00e1s suave y luminosa.<\/p>\n\n\n\n<h3 class=\"wp-block-heading has-maximum-yellow-red-color has-text-color\"><span class=\"ez-toc-section\" id=\"2_Hidratacion_Intensiva\"><\/span>2. Hidrataci\u00f3n Intensiva<span class=\"ez-toc-section-end\"><\/span><\/h3>\n\n\n\n<p>El sol y la exposici\u00f3n al agua pueden deshidratar la piel, dej\u00e1ndola seca y \u00e1spera. Tras el verano, es crucial restaurar la hidrataci\u00f3n adecuada. Opta por cremas hidratantes ricas en ingredientes como \u00e1cido hialur\u00f3nico, glicerina y ceramidas. Estos componentes ayudar\u00e1n a retener la humedad en la piel y restaurar su flexibilidad y suavidad. Aplica la crema hidratante diariamente, preferiblemente despu\u00e9s de la ducha, para mantener tu piel bien nutrida.<\/p>\n\n\n\n<h3 class=\"wp-block-heading has-maximum-yellow-red-color has-text-color\"><span class=\"ez-toc-section\" id=\"3_Tratamientos_Reparadores\"><\/span>3. Tratamientos Reparadores<span class=\"ez-toc-section-end\"><\/span><\/h3>\n\n\n\n<p>Despu\u00e9s del verano, la piel puede mostrar manchas, enrojecimientos o pigmentaci\u00f3n desigual debido a la exposici\u00f3n al sol. Incorpora tratamientos reparadores en tu rutina, como sueros con <a href=\"https:\/\/gymer.es\/vitaminas-y-minerales\/10-multivitaminico-vitality-gold-60-tabs.html\">vitamina C<\/a> para aclarar la piel y reducir manchas, o productos con retinol para mejorar la textura y estimular la renovaci\u00f3n celular. No olvides aplicar protector solar durante el d\u00eda, incluso si no est\u00e1s expuesto directamente al sol, para prevenir futuras manchas y proteger tu piel de los rayos UV.<\/p>\n\n\n\n<h3 class=\"wp-block-heading has-maximum-yellow-red-color has-text-color\"><span class=\"ez-toc-section\" id=\"4_Mascarillas_y_Mimos_Especiales\"><\/span>4. Mascarillas y Mimos Especiales<span class=\"ez-toc-section-end\"><\/span><\/h3>\n\n\n\n<p>Dale a tu piel un mimo adicional con mascarillas hidratantes, nutritivas y calmantes. Las mascarillas pueden proporcionar a tu piel los nutrientes necesarios y ayudar a reparar los da\u00f1os causados por la exposici\u00f3n al sol. Opta por mascarillas con ingredientes naturales como aloe vera, pepino, miel o arcilla, dependiendo de las necesidades de tu piel. Dedica al menos una vez a la semana para aplicar una mascarilla y dejar que tu piel se relaje y se revitalice.<\/p>\n\n\n\n<h3 class=\"wp-block-heading has-maximum-yellow-red-color has-text-color\"><span class=\"ez-toc-section\" id=\"5_Dieta_Saludable_y_Nutritiva\"><\/span>5. Dieta Saludable y Nutritiva<span class=\"ez-toc-section-end\"><\/span><\/h3>\n\n\n\n<p>Una piel sana no solo depende de los cuidados externos, sino tambi\u00e9n de lo que comes. Despu\u00e9s del verano, int\u00e9grate en tu dieta alimentos ricos en antioxidantes, como frutas y verduras, que combatan los radicales libres y promuevan la <a href=\"https:\/\/gymer.es\/28-salud-y-bienestar\">salud<\/a> de la piel. Bebe suficiente agua para mantener tu piel hidratada desde adentro y reduce el consumo de alimentos procesados y az\u00facares, que pueden contribuir a problemas cut\u00e1neos.<\/p>\n\n\n\n<h3 class=\"wp-block-heading has-maximum-yellow-red-color has-text-color\"><span class=\"ez-toc-section\" id=\"6_Ejercicio_y_Descanso\"><\/span>6. Ejercicio y Descanso<span class=\"ez-toc-section-end\"><\/span><\/h3>\n\n\n\n<p>El ejercicio regular y un buen descanso son fundamentales para una piel radiante. El ejercicio aumenta la circulaci\u00f3n sangu\u00ednea, lo que contribuye a una piel m\u00e1s saludable y rejuvenecida. Adem\u00e1s, el sue\u00f1o adecuado permite que la piel se repare y regenere durante la noche. Aseg\u00farate de hacer ejercicio de forma regular y dormir al menos 7-8 horas cada noche para mantener una piel fresca y en\u00e9rgica.<\/p>\n\n\n\n<h3 class=\"wp-block-heading\"><\/h3>\n\n\n\n<p><\/p>\n\n\n\n<p><\/p>\n\n\n\n<p>Despu\u00e9s del verano, es fundamental brindar a tu piel los cuidados y la atenci\u00f3n que necesita para recuperarse y mantenerse radiante. Una combinaci\u00f3n de limpieza profunda, hidrataci\u00f3n adecuada, tratamientos reparadores, una <a href=\"https:\/\/gymer.es\/\">dieta saludable<\/a>, ejercicio regular y suficiente descanso puede marcar la diferencia en la apariencia y la salud de tu piel. Recuerda que cada piel es \u00fanica, as\u00ed que adapta estos consejos seg\u00fan tus necesidades y disfruta de una piel revitalizada y hermosa despu\u00e9s del verano. \u00a1Tu piel te lo agradecer\u00e1!<\/p>\n","protected":false},"excerpt":{"rendered":"<p>El verano es una \u00e9poca en la que solemos disfrutar al m\u00e1ximo al aire libre, bajo el c\u00e1lido sol y la brisa del mar. Sin embargo, esta temporada tambi\u00e9n puede dejar huellas en nuestra piel, ya que la exposici\u00f3n prolongada al sol, el cloro de las piscinas, la sal del mar y otros factores ambientales [&hellip;]<\/p>\n","protected":false},"author":2,"featured_media":90,"comment_status":"closed","ping_status":"closed","sticky":false,"template":"","format":"standard","meta":{"footnotes":""},"categories":[5],"tags":[74,75,81,84,78,89,76,77,90,80,82,85,83,87,92,88,91,21,79,86],"_links":{"self":[{"href":"https:\/\/gymer.es\/blog\/wp-json\/wp\/v2\/posts\/89"}],"collection":[{"href":"https:\/\/gymer.es\/blog\/wp-json\/wp\/v2\/posts"}],"about":[{"href":"https:\/\/gymer.es\/blog\/wp-json\/wp\/v2\/types\/post"}],"author":[{"embeddable":true,"href":"https:\/\/gymer.es\/blog\/wp-json\/wp\/v2\/users\/2"}],"replies":[{"embeddable":true,"href":"https:\/\/gymer.es\/blog\/wp-json\/wp\/v2\/comments?post=89"}],"version-history":[{"count":3,"href":"https:\/\/gymer.es\/blog\/wp-json\/wp\/v2\/posts\/89\/revisions"}],"predecessor-version":[{"id":93,"href":"https:\/\/gymer.es\/blog\/wp-json\/wp\/v2\/posts\/89\/revisions\/93"}],"wp:featuredmedia":[{"embeddable":true,"href":"https:\/\/gymer.es\/blog\/wp-json\/wp\/v2\/media\/90"}],"wp:attachment":[{"href":"https:\/\/gymer.es\/blog\/wp-json\/wp\/v2\/media?parent=89"}],"wp:term":[{"taxonomy":"category","embeddable":true,"href":"https:\/\/gymer.es\/blog\/wp-json\/wp\/v2\/categories?post=89"},{"taxonomy":"post_tag","embeddable":true,"href":"https:\/\/gymer.es\/blog\/wp-json\/wp\/v2\/tags?post=89"}],"curies":[{"name":"wp","href":"https:\/\/api.w.org\/{rel}","templated":true}]}}