{"id":774,"date":"2024-09-05T13:55:47","date_gmt":"2024-09-05T11:55:47","guid":{"rendered":"https:\/\/gymer.es\/blog\/?p=774"},"modified":"2024-09-05T13:55:49","modified_gmt":"2024-09-05T11:55:49","slug":"que-son-los-radicales-libres-y-como-afectan-a-nuestra-salud","status":"publish","type":"post","link":"https:\/\/gymer.es\/blog\/que-son-los-radicales-libres-y-como-afectan-a-nuestra-salud\/","title":{"rendered":"\u00bfQu\u00e9 son los radicales libres y c\u00f3mo afectan a nuestra salud?"},"content":{"rendered":"\n<p><\/p>\n\n\n\n<p>Los radicales libres son mol\u00e9culas inestables que se generan en nuestro cuerpo debido a diversas reacciones qu\u00edmicas. Son el resultado de la p\u00e9rdida o el exceso de electrones en los \u00e1tomos o mol\u00e9culas, lo que les confiere una alta reactividad y la capacidad de da\u00f1ar c\u00e9lulas, prote\u00ednas y ADN. Aunque nuestro cuerpo produce radicales libres de forma natural, factores externos como la contaminaci\u00f3n, la radiaci\u00f3n, el humo del tabaco, y una dieta poco saludable tambi\u00e9n pueden incrementar su formaci\u00f3n.<\/p>\n\n\n\n<div id=\"ez-toc-container\" class=\"ez-toc-v2_0_74 counter-hierarchy ez-toc-counter ez-toc-grey ez-toc-container-direction\">\n<div class=\"ez-toc-title-container\">\n<p class=\"ez-toc-title\" style=\"cursor:inherit\">Table of Contents<\/p>\n<span class=\"ez-toc-title-toggle\"><a href=\"#\" class=\"ez-toc-pull-right ez-toc-btn ez-toc-btn-xs ez-toc-btn-default ez-toc-toggle\" aria-label=\"Alternar tabla de contenidos\"><span class=\"ez-toc-js-icon-con\"><span class=\"\"><span class=\"eztoc-hide\" style=\"display:none;\">Toggle<\/span><span class=\"ez-toc-icon-toggle-span\"><svg style=\"fill: #999;color:#999\" xmlns=\"http:\/\/www.w3.org\/2000\/svg\" class=\"list-377408\" width=\"20px\" height=\"20px\" viewBox=\"0 0 24 24\" fill=\"none\"><path d=\"M6 6H4v2h2V6zm14 0H8v2h12V6zM4 11h2v2H4v-2zm16 0H8v2h12v-2zM4 16h2v2H4v-2zm16 0H8v2h12v-2z\" fill=\"currentColor\"><\/path><\/svg><svg style=\"fill: #999;color:#999\" class=\"arrow-unsorted-368013\" xmlns=\"http:\/\/www.w3.org\/2000\/svg\" width=\"10px\" height=\"10px\" viewBox=\"0 0 24 24\" version=\"1.2\" baseProfile=\"tiny\"><path d=\"M18.2 9.3l-6.2-6.3-6.2 6.3c-.2.2-.3.4-.3.7s.1.5.3.7c.2.2.4.3.7.3h11c.3 0 .5-.1.7-.3.2-.2.3-.5.3-.7s-.1-.5-.3-.7zM5.8 14.7l6.2 6.3 6.2-6.3c.2-.2.3-.5.3-.7s-.1-.5-.3-.7c-.2-.2-.4-.3-.7-.3h-11c-.3 0-.5.1-.7.3-.2.2-.3.5-.3.7s.1.5.3.7z\"\/><\/svg><\/span><\/span><\/span><\/a><\/span><\/div>\n<nav><ul class='ez-toc-list ez-toc-list-level-1 ' ><li class='ez-toc-page-1 ez-toc-heading-level-3'><a class=\"ez-toc-link ez-toc-heading-1\" href=\"https:\/\/gymer.es\/blog\/que-son-los-radicales-libres-y-como-afectan-a-nuestra-salud\/#El_origen_de_los_radicales_libres\" >El origen de los radicales libres<\/a><\/li><li class='ez-toc-page-1 ez-toc-heading-level-3'><a class=\"ez-toc-link ez-toc-heading-2\" href=\"https:\/\/gymer.es\/blog\/que-son-los-radicales-libres-y-como-afectan-a-nuestra-salud\/#%C2%BFComo_nos_afectan_los_radicales_libres\" >\u00bfC\u00f3mo nos afectan los radicales libres?<\/a><ul class='ez-toc-list-level-4' ><li class='ez-toc-heading-level-4'><a class=\"ez-toc-link ez-toc-heading-3\" href=\"https:\/\/gymer.es\/blog\/que-son-los-radicales-libres-y-como-afectan-a-nuestra-salud\/#1_Dano_celular\" >1. Da\u00f1o celular<\/a><\/li><li class='ez-toc-page-1 ez-toc-heading-level-4'><a class=\"ez-toc-link ez-toc-heading-4\" href=\"https:\/\/gymer.es\/blog\/que-son-los-radicales-libres-y-como-afectan-a-nuestra-salud\/#2_Envejecimiento_prematuro\" >2. Envejecimiento prematuro<\/a><\/li><li class='ez-toc-page-1 ez-toc-heading-level-4'><a class=\"ez-toc-link ez-toc-heading-5\" href=\"https:\/\/gymer.es\/blog\/que-son-los-radicales-libres-y-como-afectan-a-nuestra-salud\/#3_Inflamacion_cronica\" >3. Inflamaci\u00f3n cr\u00f3nica<\/a><\/li><li class='ez-toc-page-1 ez-toc-heading-level-4'><a class=\"ez-toc-link ez-toc-heading-6\" href=\"https:\/\/gymer.es\/blog\/que-son-los-radicales-libres-y-como-afectan-a-nuestra-salud\/#4_Deterioro_cognitivo\" >4. Deterioro cognitivo<\/a><\/li><\/ul><\/li><li class='ez-toc-page-1 ez-toc-heading-level-3'><a class=\"ez-toc-link ez-toc-heading-7\" href=\"https:\/\/gymer.es\/blog\/que-son-los-radicales-libres-y-como-afectan-a-nuestra-salud\/#Factores_que_aumentan_la_produccion_de_radicales_libres\" >Factores que aumentan la producci\u00f3n de radicales libres<\/a><\/li><li class='ez-toc-page-1 ez-toc-heading-level-3'><a class=\"ez-toc-link ez-toc-heading-8\" href=\"https:\/\/gymer.es\/blog\/que-son-los-radicales-libres-y-como-afectan-a-nuestra-salud\/#Como_combatir_los_radicales_libres\" >C\u00f3mo combatir los radicales libres<\/a><ul class='ez-toc-list-level-4' ><li class='ez-toc-heading-level-4'><a class=\"ez-toc-link ez-toc-heading-9\" href=\"https:\/\/gymer.es\/blog\/que-son-los-radicales-libres-y-como-afectan-a-nuestra-salud\/#1_Antioxidantes_los_protectores_naturales\" >1. Antioxidantes: los protectores naturales<\/a><\/li><li class='ez-toc-page-1 ez-toc-heading-level-4'><a class=\"ez-toc-link ez-toc-heading-10\" href=\"https:\/\/gymer.es\/blog\/que-son-los-radicales-libres-y-como-afectan-a-nuestra-salud\/#2_Evitar_el_tabaco_y_la_contaminacion\" >2. Evitar el tabaco y la contaminaci\u00f3n<\/a><\/li><li class='ez-toc-page-1 ez-toc-heading-level-4'><a class=\"ez-toc-link ez-toc-heading-11\" href=\"https:\/\/gymer.es\/blog\/que-son-los-radicales-libres-y-como-afectan-a-nuestra-salud\/#3_Uso_de_protector_solar\" >3. Uso de protector solar<\/a><\/li><li class='ez-toc-page-1 ez-toc-heading-level-4'><a class=\"ez-toc-link ez-toc-heading-12\" href=\"https:\/\/gymer.es\/blog\/que-son-los-radicales-libres-y-como-afectan-a-nuestra-salud\/#4_Ejercicio_moderado\" >4. Ejercicio moderado<\/a><\/li><li class='ez-toc-page-1 ez-toc-heading-level-4'><a class=\"ez-toc-link ez-toc-heading-13\" href=\"https:\/\/gymer.es\/blog\/que-son-los-radicales-libres-y-como-afectan-a-nuestra-salud\/#5_Control_del_estres\" >5. Control del estr\u00e9s<\/a><\/li><\/ul><\/li><\/ul><\/nav><\/div>\n<h3 class=\"wp-block-heading\"><span class=\"ez-toc-section\" id=\"El_origen_de_los_radicales_libres\"><\/span>El origen de los radicales libres<span class=\"ez-toc-section-end\"><\/span><\/h3>\n\n\n\n<p>Para entender mejor qu\u00e9 son los radicales libres, es importante tener una noci\u00f3n b\u00e1sica de la qu\u00edmica detr\u00e1s de ellos. Los \u00e1tomos est\u00e1n compuestos por un n\u00facleo, que contiene protones y neutrones, y est\u00e1n rodeados por electrones que orbitan en capas. Los electrones tienden a formar pares en estas capas; sin embargo, los radicales libres son \u00e1tomos o mol\u00e9culas que tienen uno o m\u00e1s electrones desapareados. Esta condici\u00f3n los hace extremadamente reactivos, ya que buscan emparejarse con otros electrones para estabilizarse.<\/p>\n\n\n\n<p>Uno de los ejemplos m\u00e1s comunes de radical libre es el ox\u00edgeno reactivo, que se forma durante el proceso de respiraci\u00f3n celular. A medida que nuestro cuerpo utiliza ox\u00edgeno para convertir los alimentos en energ\u00eda, se producen estos subproductos reactivos. Si bien los radicales libres no son siempre malos, en grandes cantidades pueden causar lo que se conoce como estr\u00e9s oxidativo, un proceso que tiene efectos da\u00f1inos en nuestras c\u00e9lulas.<\/p>\n\n\n\n<h3 class=\"wp-block-heading\"><span class=\"ez-toc-section\" id=\"%C2%BFComo_nos_afectan_los_radicales_libres\"><\/span>\u00bfC\u00f3mo nos afectan los radicales libres?<span class=\"ez-toc-section-end\"><\/span><\/h3>\n\n\n\n<p>El estr\u00e9s oxidativo causado por los radicales libres es un factor clave en el envejecimiento y en el desarrollo de muchas enfermedades cr\u00f3nicas. A continuaci\u00f3n, se destacan algunos de los principales efectos negativos de los radicales libres en el organismo:<\/p>\n\n\n\n<h4 class=\"wp-block-heading\"><span class=\"ez-toc-section\" id=\"1_Dano_celular\"><\/span>1. Da\u00f1o celular<span class=\"ez-toc-section-end\"><\/span><\/h4>\n\n\n\n<p>Cuando los radicales libres atacan las c\u00e9lulas, da\u00f1an las membranas celulares y los org\u00e1nulos en su interior. Esto puede alterar el funcionamiento normal de las c\u00e9lulas, lo que provoca su degeneraci\u00f3n y muerte. Este da\u00f1o celular es una de las causas principales de enfermedades como el c\u00e1ncer, la diabetes y las enfermedades card\u00edacas.<\/p>\n\n\n\n<h4 class=\"wp-block-heading\"><span class=\"ez-toc-section\" id=\"2_Envejecimiento_prematuro\"><\/span>2. <strong>Envejecimiento prematuro<\/strong><span class=\"ez-toc-section-end\"><\/span><\/h4>\n\n\n\n<p>El estr\u00e9s oxidativo es una de las principales teor\u00edas detr\u00e1s del envejecimiento. Con el tiempo, la acumulaci\u00f3n de da\u00f1o causado por los radicales libres puede afectar la piel, haci\u00e9ndola m\u00e1s susceptible a las arrugas y a la p\u00e9rdida de elasticidad. Adem\u00e1s, tambi\u00e9n contribuye a la degeneraci\u00f3n de otros tejidos, acelerando el envejecimiento general del cuerpo.<\/p>\n\n\n\n<h4 class=\"wp-block-heading\"><span class=\"ez-toc-section\" id=\"3_Inflamacion_cronica\"><\/span>3. <strong>Inflamaci\u00f3n cr\u00f3nica<\/strong><span class=\"ez-toc-section-end\"><\/span><\/h4>\n\n\n\n<p>Los radicales libres pueden activar mecanismos inflamatorios en el cuerpo. Cuando el cuerpo detecta da\u00f1o causado por estas mol\u00e9culas, el sistema inmunol\u00f3gico responde con inflamaci\u00f3n para intentar reparar los tejidos afectados. Sin embargo, si la exposici\u00f3n a radicales libres es continua, esta respuesta puede volverse cr\u00f3nica, lo que conduce a condiciones inflamatorias de largo plazo como la artritis reumatoide y las enfermedades autoinmunes.<\/p>\n\n\n\n<h4 class=\"wp-block-heading\"><span class=\"ez-toc-section\" id=\"4_Deterioro_cognitivo\"><\/span>4. <strong>Deterioro cognitivo<\/strong><span class=\"ez-toc-section-end\"><\/span><\/h4>\n\n\n\n<p>El cerebro es particularmente vulnerable al estr\u00e9s oxidativo debido a su alto consumo de ox\u00edgeno. Los radicales libres pueden da\u00f1ar las neuronas y las conexiones sin\u00e1pticas, lo que contribuye al desarrollo de enfermedades neurodegenerativas como el Alzheimer y el Parkinson.<\/p>\n\n\n\n<h3 class=\"wp-block-heading\"><span class=\"ez-toc-section\" id=\"Factores_que_aumentan_la_produccion_de_radicales_libres\"><\/span>Factores que aumentan la producci\u00f3n de radicales libres<span class=\"ez-toc-section-end\"><\/span><\/h3>\n\n\n\n<p>Aunque los radicales libres son una parte inevitable del metabolismo celular, ciertos factores del estilo de vida y ambientales pueden aumentar su producci\u00f3n y exacerbar el estr\u00e9s oxidativo. Algunos de los principales factores incluyen:<\/p>\n\n\n\n<ol>\n<li>Dieta pobre en antioxidantes: Los antioxidantes son sustancias que neutralizan los radicales libres. Una dieta baja en frutas, verduras y otros alimentos ricos en antioxidantes aumenta la exposici\u00f3n al da\u00f1o oxidativo.<\/li>\n\n\n\n<li>Exposici\u00f3n a contaminantes: El aire contaminado, los productos qu\u00edmicos industriales y el humo del tabaco son fuentes externas de radicales libres.<\/li>\n\n\n\n<li>Radiaci\u00f3n ultravioleta: La exposici\u00f3n excesiva al sol sin protecci\u00f3n adecuada puede aumentar la formaci\u00f3n de radicales libres en la piel, lo que contribuye al da\u00f1o celular y al riesgo de c\u00e1ncer de piel.<\/li>\n\n\n\n<li>Estr\u00e9s: El estr\u00e9s emocional y f\u00edsico puede desencadenar la producci\u00f3n de radicales libres, lo que agrava el da\u00f1o celular.<\/li>\n\n\n\n<li>Ejercicio extremo: Si bien el ejercicio moderado es beneficioso, los entrenamientos de alta intensidad pueden aumentar temporalmente los niveles de radicales libres debido al consumo elevado de ox\u00edgeno.<\/li>\n<\/ol>\n\n\n\n<h3 class=\"wp-block-heading\"><span class=\"ez-toc-section\" id=\"Como_combatir_los_radicales_libres\"><\/span>C\u00f3mo combatir los radicales libres<span class=\"ez-toc-section-end\"><\/span><\/h3>\n\n\n\n<p>Aunque los radicales libres son inevitables, podemos reducir su impacto en nuestra salud mediante una combinaci\u00f3n de h\u00e1bitos saludables y estrategias diet\u00e9ticas. A continuaci\u00f3n, se presentan algunas formas de combatir los efectos negativos de los radicales libres:<\/p>\n\n\n\n<h4 class=\"wp-block-heading\"><span class=\"ez-toc-section\" id=\"1_Antioxidantes_los_protectores_naturales\"><\/span>1. <strong>Antioxidantes: los protectores naturales<\/strong><span class=\"ez-toc-section-end\"><\/span><\/h4>\n\n\n\n<p>Los antioxidantes son compuestos que tienen la capacidad de donar electrones a los radicales libres, neutraliz\u00e1ndolos antes de que puedan causar da\u00f1o. Los antioxidantes m\u00e1s comunes incluyen:<\/p>\n\n\n\n<ul>\n<li><strong><a href=\"https:\/\/gymer.es\/vitaminas-y-minerales\/77-vitamina-c-masticable-150-tabletas-hx-nature.html?search_query=VITAMIN&amp;fast_search=fs\">Vitamina C<\/a><\/strong>: Se encuentra en frutas c\u00edtricas, fresas, pimientos y otros vegetales.<\/li>\n\n\n\n<li><strong><a href=\"https:\/\/gymer.es\/vitaminas-y-minerales\/10-multivitaminico-vitality-gold-60-tabs.html\">Vitamina E<\/a><\/strong>: Se encuentra en aceites vegetales, nueces y semillas.<\/li>\n\n\n\n<li>Carotenoides: Estos pigmentos vegetales, como el betacaroteno, est\u00e1n presentes en zanahorias, espinacas y tomates.<\/li>\n\n\n\n<li><strong><a href=\"https:\/\/gymer.es\/vitaminas-y-minerales\/191-daily-vits-60-vegancaps-life-pro.html\">Selenio:<\/a><\/strong> Un mineral esencial que se encuentra en alimentos como nueces de Brasil, pescado y carne.<\/li>\n<\/ul>\n\n\n\n<p>Una dieta rica en frutas, verduras, nueces y granos integrales proporciona una amplia gama de antioxidantes que pueden ayudar a proteger las c\u00e9lulas del da\u00f1o oxidativo.<\/p>\n\n\n\n<h4 class=\"wp-block-heading\"><span class=\"ez-toc-section\" id=\"2_Evitar_el_tabaco_y_la_contaminacion\"><\/span>2. <strong>Evitar el tabaco y la contaminaci\u00f3n<\/strong><span class=\"ez-toc-section-end\"><\/span><\/h4>\n\n\n\n<p>Evitar el humo del tabaco y reducir la exposici\u00f3n a la contaminaci\u00f3n del aire puede disminuir significativamente la cantidad de radicales libres en el cuerpo. Adem\u00e1s, optar por una vida m\u00e1s ecol\u00f3gica y utilizar productos menos contaminantes en el hogar tambi\u00e9n puede ayudar.<\/p>\n\n\n\n<h4 class=\"wp-block-heading\"><span class=\"ez-toc-section\" id=\"3_Uso_de_protector_solar\"><\/span>3. <strong>Uso de protector solar<\/strong><span class=\"ez-toc-section-end\"><\/span><\/h4>\n\n\n\n<p>La protecci\u00f3n contra los efectos da\u00f1inos de la radiaci\u00f3n ultravioleta (UV) es esencial para prevenir la formaci\u00f3n de radicales libres en la piel. Usar protector solar, ropa protectora y evitar la exposici\u00f3n excesiva al sol reduce el riesgo de da\u00f1o cut\u00e1neo.<\/p>\n\n\n\n<h4 class=\"wp-block-heading\"><span class=\"ez-toc-section\" id=\"4_Ejercicio_moderado\"><\/span>4. <strong>Ejercicio moderado<\/strong><span class=\"ez-toc-section-end\"><\/span><\/h4>\n\n\n\n<p>El ejercicio regular y moderado puede mejorar la capacidad del cuerpo para manejar los radicales libres al aumentar los mecanismos antioxidantes internos. Sin embargo, es importante evitar el sobreentrenamiento, que puede generar un aumento excesivo de radicales libres.<\/p>\n\n\n\n<h4 class=\"wp-block-heading\"><span class=\"ez-toc-section\" id=\"5_Control_del_estres\"><\/span>5. <strong>Control del estr\u00e9s<\/strong><span class=\"ez-toc-section-end\"><\/span><\/h4>\n\n\n\n<p>El manejo del estr\u00e9s a trav\u00e9s de t\u00e9cnicas como la meditaci\u00f3n, la respiraci\u00f3n profunda y la pr\u00e1ctica de yoga puede ayudar a reducir la producci\u00f3n de radicales libres asociados con la respuesta al estr\u00e9s.<\/p>\n\n\n\n<h3 class=\"wp-block-heading\"><\/h3>\n\n\n\n<p>Los radicales libres son parte natural de nuestro metabolismo, pero en exceso, pueden causar un da\u00f1o significativo a nuestras c\u00e9lulas y tejidos. Adoptar un estilo de vida saludable, con una dieta rica en antioxidantes, protegerse de factores ambientales como la contaminaci\u00f3n y la radiaci\u00f3n UV, y mantener el estr\u00e9s bajo control son pasos clave para mitigar los efectos nocivos de los radicales libres. Al hacer estos cambios, no solo estamos protegiendo nuestra salud a corto plazo, sino tambi\u00e9n promoviendo un envejecimiento m\u00e1s saludable y reduciendo el riesgo de enfermedades cr\u00f3nicas.<\/p>\n\n\n\n<p><\/p>\n","protected":false},"excerpt":{"rendered":"<p>Los radicales libres son mol\u00e9culas inestables que se generan en nuestro cuerpo debido a diversas reacciones qu\u00edmicas. Son el resultado de la p\u00e9rdida o el exceso de electrones en los \u00e1tomos o mol\u00e9culas, lo que les confiere una alta reactividad y la capacidad de da\u00f1ar c\u00e9lulas, prote\u00ednas y ADN. Aunque nuestro cuerpo produce radicales libres [&hellip;]<\/p>\n","protected":false},"author":2,"featured_media":775,"comment_status":"closed","ping_status":"closed","sticky":false,"template":"","format":"standard","meta":{"footnotes":""},"categories":[5],"tags":[55,138,1406,1720,1727,1716,1722,434,29,1721,81,1725,30,1731,378,173,1211,57,1627,111,82,1718,1719,1729,133,1717,1723,1730,1372,1724,21,1726,1728,70,67,408],"_links":{"self":[{"href":"https:\/\/gymer.es\/blog\/wp-json\/wp\/v2\/posts\/774"}],"collection":[{"href":"https:\/\/gymer.es\/blog\/wp-json\/wp\/v2\/posts"}],"about":[{"href":"https:\/\/gymer.es\/blog\/wp-json\/wp\/v2\/types\/post"}],"author":[{"embeddable":true,"href":"https:\/\/gymer.es\/blog\/wp-json\/wp\/v2\/users\/2"}],"replies":[{"embeddable":true,"href":"https:\/\/gymer.es\/blog\/wp-json\/wp\/v2\/comments?post=774"}],"version-history":[{"count":1,"href":"https:\/\/gymer.es\/blog\/wp-json\/wp\/v2\/posts\/774\/revisions"}],"predecessor-version":[{"id":776,"href":"https:\/\/gymer.es\/blog\/wp-json\/wp\/v2\/posts\/774\/revisions\/776"}],"wp:featuredmedia":[{"embeddable":true,"href":"https:\/\/gymer.es\/blog\/wp-json\/wp\/v2\/media\/775"}],"wp:attachment":[{"href":"https:\/\/gymer.es\/blog\/wp-json\/wp\/v2\/media?parent=774"}],"wp:term":[{"taxonomy":"category","embeddable":true,"href":"https:\/\/gymer.es\/blog\/wp-json\/wp\/v2\/categories?post=774"},{"taxonomy":"post_tag","embeddable":true,"href":"https:\/\/gymer.es\/blog\/wp-json\/wp\/v2\/tags?post=774"}],"curies":[{"name":"wp","href":"https:\/\/api.w.org\/{rel}","templated":true}]}}