{"id":742,"date":"2024-07-11T16:19:58","date_gmt":"2024-07-11T14:19:58","guid":{"rendered":"https:\/\/gymer.es\/blog\/?p=742"},"modified":"2024-07-11T16:22:13","modified_gmt":"2024-07-11T14:22:13","slug":"ganar-la-final-de-la-eurocopa-con-lamine-yamal-el-regalo-sonado-de-un-joven-prodigio","status":"publish","type":"post","link":"https:\/\/gymer.es\/blog\/ganar-la-final-de-la-eurocopa-con-lamine-yamal-el-regalo-sonado-de-un-joven-prodigio\/","title":{"rendered":"Ganar la Final de la Eurocopa con Lamine Yamal: El Regalo So\u00f1ado de un Joven Prodigio"},"content":{"rendered":"\n<p><\/p>\n\n\n\n<p>A sus escasos 16 a\u00f1os, <strong>Lamine Yamal <\/strong>ya se ha ganado un lugar destacado en la historia del f\u00fatbol espa\u00f1ol. Con su participaci\u00f3n en la Eurocopa, este joven prodigio no solo ha brillado en el campo, sino que tambi\u00e9n ha capturado la atenci\u00f3n y admiraci\u00f3n de sus compa\u00f1eros y rivales. Su \u00faltimo gesto, cargado de simbolismo, ha dejado claro que su talento no tiene l\u00edmites y que su madurez va mucho m\u00e1s all\u00e1 de su edad.<\/p>\n\n\n\n<p>En una de las actuaciones m\u00e1s impresionantes de la Eurocopa, Yamal no solo demostr\u00f3 su habilidad t\u00e9cnica y visi\u00f3n de juego, sino que tambi\u00e9n envi\u00f3 un mensaje contundente con su celebraci\u00f3n. Al marcar un gol crucial, corri\u00f3 hacia las gradas y se\u00f1al\u00f3 con orgullo el escudo de su equipo, un gesto que ha sido interpretado como una muestra de su compromiso y pasi\u00f3n por el deporte.<\/p>\n\n\n\n<p>El d\u00eda de su cumplea\u00f1os, Yamal recibi\u00f3 el regalo que m\u00e1s deseaba: el reconocimiento y los elogios de aquellos a quienes siempre ha admirado. \u00cddolos del f\u00fatbol mundial han quedado maravillados con su desempe\u00f1o, llen\u00e1ndolo de halagos y expresiones de asombro. \u00abQu\u00e9 locura de chaval\u00bb, exclam\u00f3 uno de los grandes del f\u00fatbol, reflejando el sentimiento generalizado de quienes han tenido el privilegio de verlo jugar.<\/p>\n\n\n\n<p>Este joven talento no solo ha conquistado los corazones de los aficionados, sino que tambi\u00e9n ha demostrado que el futuro del f\u00fatbol espa\u00f1ol est\u00e1 en buenas manos. Sin haber cumplido los 17 a\u00f1os, Lamine Yamal ya se ha convertido en la estrella de la Eurocopa y promete seguir sorprendiendo al mundo con su magia en el campo. \u00a1Feliz cumplea\u00f1os, Lamine, y que sigan los \u00e9xitos!: <a href=\"https:\/\/www.elmundo.es\/deportes\/futbol\/eurocopa\/2024\/07\/10\/668e6081fc6c83f1218b457e.html\"><strong>https:\/\/www.elmundo.es\/deportes\/futbol\/eurocopa\/2024\/07\/10\/668e6081fc6c83f1218b457e.html<\/strong><\/a><\/p>\n\n\n\n<p><\/p>\n","protected":false},"excerpt":{"rendered":"<p>A sus escasos 16 a\u00f1os, Lamine Yamal ya se ha ganado un lugar destacado en la historia del f\u00fatbol espa\u00f1ol. Con su participaci\u00f3n en la Eurocopa, este joven prodigio no solo ha brillado en el campo, sino que tambi\u00e9n ha capturado la atenci\u00f3n y admiraci\u00f3n de sus compa\u00f1eros y rivales. Su \u00faltimo gesto, cargado de [&hellip;]<\/p>\n","protected":false},"author":2,"featured_media":743,"comment_status":"closed","ping_status":"closed","sticky":false,"template":"","format":"standard","meta":{"footnotes":""},"categories":[2,8],"tags":[1619,1611,29,1613,1608,1618,1607,1265,1621,1615,1617,1609,1620,1610,1612,1622],"_links":{"self":[{"href":"https:\/\/gymer.es\/blog\/wp-json\/wp\/v2\/posts\/742"}],"collection":[{"href":"https:\/\/gymer.es\/blog\/wp-json\/wp\/v2\/posts"}],"about":[{"href":"https:\/\/gymer.es\/blog\/wp-json\/wp\/v2\/types\/post"}],"author":[{"embeddable":true,"href":"https:\/\/gymer.es\/blog\/wp-json\/wp\/v2\/users\/2"}],"replies":[{"embeddable":true,"href":"https:\/\/gymer.es\/blog\/wp-json\/wp\/v2\/comments?post=742"}],"version-history":[{"count":3,"href":"https:\/\/gymer.es\/blog\/wp-json\/wp\/v2\/posts\/742\/revisions"}],"predecessor-version":[{"id":746,"href":"https:\/\/gymer.es\/blog\/wp-json\/wp\/v2\/posts\/742\/revisions\/746"}],"wp:featuredmedia":[{"embeddable":true,"href":"https:\/\/gymer.es\/blog\/wp-json\/wp\/v2\/media\/743"}],"wp:attachment":[{"href":"https:\/\/gymer.es\/blog\/wp-json\/wp\/v2\/media?parent=742"}],"wp:term":[{"taxonomy":"category","embeddable":true,"href":"https:\/\/gymer.es\/blog\/wp-json\/wp\/v2\/categories?post=742"},{"taxonomy":"post_tag","embeddable":true,"href":"https:\/\/gymer.es\/blog\/wp-json\/wp\/v2\/tags?post=742"}],"curies":[{"name":"wp","href":"https:\/\/api.w.org\/{rel}","templated":true}]}}