{"id":692,"date":"2024-06-05T15:14:10","date_gmt":"2024-06-05T13:14:10","guid":{"rendered":"https:\/\/gymer.es\/blog\/?p=692"},"modified":"2024-06-05T15:14:12","modified_gmt":"2024-06-05T13:14:12","slug":"enfermedades-asociadas-a-la-enfermedad-celiaca","status":"publish","type":"post","link":"https:\/\/gymer.es\/blog\/enfermedades-asociadas-a-la-enfermedad-celiaca\/","title":{"rendered":"Enfermedades Asociadas a la Enfermedad Cel\u00edaca"},"content":{"rendered":"\n<p><\/p>\n\n\n\n<p>La enfermedad cel\u00edaca es un trastorno autoinmune complejo que afecta a millones de personas en todo el mundo. Sin embargo, su impacto no se limita solo a los s\u00edntomas gastrointestinales comunes que la mayor\u00eda asocia con ella. De hecho, la enfermedad cel\u00edaca puede desencadenar una serie de enfermedades asociadas que a menudo pasan desapercibidas o se atribuyen a otras causas. En esta exploraci\u00f3n profunda, desvelaremos el enigma de las enfermedades relacionadas con la enfermedad cel\u00edaca, arrojando luz sobre sus conexiones, s\u00edntomas y c\u00f3mo abordarlas.<\/p>\n\n\n\n<p><strong>\u00bfQu\u00e9 es la enfermedad cel\u00edaca?<\/strong> Antes de sumergirnos en las enfermedades asociadas, es crucial comprender qu\u00e9 es la enfermedad cel\u00edaca. Se trata de un trastorno autoinmune en el que el sistema inmunol\u00f3gico reacciona de forma adversa al gluten, una prote\u00edna presente en el trigo, la cebada y el centeno, y sus derivados. Esta reacci\u00f3n da\u00f1a la mucosa del intestino delgado, lo que dificulta la absorci\u00f3n de nutrientes esenciales.<\/p>\n\n\n\n<p><strong>La Relaci\u00f3n con Otras Enfermedades:<\/strong> La enfermedad cel\u00edaca es conocida por sus s\u00edntomas gastrointestinales, como diarrea, dolor abdominal y p\u00e9rdida de peso. Sin embargo, su impacto va mucho m\u00e1s all\u00e1. Investigaciones recientes han revelado una serie de enfermedades que pueden estar asociadas con la enfermedad cel\u00edaca, algunas de las cuales pueden presentarse incluso antes de un diagn\u00f3stico de enfermedad cel\u00edaca.<\/p>\n\n\n\n<p><strong>Enfermedades Autoinmunes:<\/strong> Una de las asociaciones m\u00e1s significativas de la enfermedad cel\u00edaca es con otras enfermedades autoinmunes. Estudios han demostrado una mayor prevalencia de enfermedades autoinmunes en personas con enfermedad cel\u00edaca en comparaci\u00f3n con la poblaci\u00f3n general. Entre estas enfermedades se incluyen la diabetes tipo 1, la tiroiditis autoinmune, la artritis reumatoide y la enfermedad de Crohn. Si bien la conexi\u00f3n exacta a\u00fan no se comprende completamente, se cree que factores gen\u00e9ticos y ambientales desempe\u00f1an un papel importante en esta relaci\u00f3n.<\/p>\n\n\n\n<p><strong>Problemas Dermatol\u00f3gicos:<\/strong> La enfermedad cel\u00edaca tambi\u00e9n puede manifestarse a trav\u00e9s de problemas dermatol\u00f3gicos. La dermatitis herpetiforme es un trastorno cut\u00e1neo cr\u00f3nico que se caracteriza por la presencia de ampollas y lesiones en la piel, y se asocia estrechamente con la enfermedad cel\u00edaca. Se cree que ambos trastornos comparten un mecanismo inmunol\u00f3gico com\u00fan, y la adopci\u00f3n de una dieta libre de gluten suele conducir a una mejor\u00eda significativa en los s\u00edntomas de la dermatitis herpetiforme.<\/p>\n\n\n\n<p><strong>Trastornos Neurol\u00f3gicos:<\/strong> Los trastornos neurol\u00f3gicos tambi\u00e9n pueden estar relacionados con la enfermedad cel\u00edaca. La neuropat\u00eda perif\u00e9rica, la ataxia y la epilepsia son solo algunas de las afecciones neurol\u00f3gicas que se han observado con mayor frecuencia en personas con enfermedad cel\u00edaca. Se postula que la inflamaci\u00f3n y la disfunci\u00f3n del sistema nervioso central y perif\u00e9rico pueden ser consecuencia de la respuesta inmune desencadenada por la enfermedad cel\u00edaca.<\/p>\n\n\n\n<p><strong>Enfermedades \u00d3seas:<\/strong> La salud \u00f3sea puede verse afectada por la enfermedad cel\u00edaca, especialmente debido a la malabsorci\u00f3n de calcio y <strong><a href=\"https:\/\/gymer.es\/vitaminas-y-minerales\/10-multivitaminico-vitality-gold-60-tabs.html\">vitamina D<\/a><\/strong> causada por el da\u00f1o en el intestino delgado. La osteoporosis y la osteopenia son afecciones comunes en personas con enfermedad cel\u00edaca no diagnosticada o no tratada. La adopci\u00f3n de una dieta sin gluten y la <a href=\"https:\/\/gymer.es\/proteinas\/9-aislado-de-proteina-de-suero-gymer-iso-100-1kg-vanilla-cookies-ice-cream.html\"><strong>suplementaci\u00f3n<\/strong><\/a> adecuada pueden ayudar a prevenir o revertir la p\u00e9rdida \u00f3sea asociada con la enfermedad cel\u00edaca.<\/p>\n\n\n\n<p><strong>C\u00f3mo Abordar las Enfermedades Asociadas:<\/strong> El diagn\u00f3stico temprano y el tratamiento adecuado de la enfermedad cel\u00edaca son fundamentales para prevenir o minimizar las enfermedades asociadas. Si se sospecha de enfermedad cel\u00edaca, es importante realizar pruebas espec\u00edficas, como an\u00e1lisis de sangre para anticuerpos y biopsia intestinal, para confirmar el diagn\u00f3stico. Una vez diagnosticada, el tratamiento principal para la enfermedad cel\u00edaca es una estricta dieta sin gluten. Esto implica evitar todos los alimentos y productos que contengan trigo, cebada, centeno y sus derivados.<\/p>\n\n\n\n<p>Adem\u00e1s de seguir una dieta sin gluten, es importante abordar las complicaciones asociadas con la enfermedad cel\u00edaca. Esto puede implicar la suplementaci\u00f3n de nutrientes deficientes, el tratamiento de enfermedades autoinmunes concurrentes y la gesti\u00f3n de s\u00edntomas espec\u00edficos, como problemas dermatol\u00f3gicos o neurol\u00f3gicos.<\/p>\n\n\n\n<p><\/p>\n\n\n\n<p><strong>Conclusi\u00f3n:<\/strong> <\/p>\n\n\n\n<p>La enfermedad cel\u00edaca es mucho m\u00e1s que una simple intolerancia al gluten. Su impacto se extiende a una variedad de sistemas del cuerpo, desencadenando una serie de enfermedades asociadas que pueden complicar significativamente la salud y la calidad de vida. Reconocer estas conexiones y abordarlas de manera integral es esencial para garantizar un manejo efectivo de la enfermedad cel\u00edaca y sus complicaciones. Al educarnos y estar atentos a los s\u00edntomas, podemos enfrentar este enigma de manera proactiva y mejorar la salud y el bienestar de quienes viven con enfermedad cel\u00edaca.<\/p>\n","protected":false},"excerpt":{"rendered":"<p>La enfermedad cel\u00edaca es un trastorno autoinmune complejo que afecta a millones de personas en todo el mundo. Sin embargo, su impacto no se limita solo a los s\u00edntomas gastrointestinales comunes que la mayor\u00eda asocia con ella. De hecho, la enfermedad cel\u00edaca puede desencadenar una serie de enfermedades asociadas que a menudo pasan desapercibidas o [&hellip;]<\/p>\n","protected":false},"author":2,"featured_media":693,"comment_status":"closed","ping_status":"closed","sticky":false,"template":"","format":"standard","meta":{"footnotes":""},"categories":[9],"tags":[1409,1406,41,153,154,29,1408,1404,1169,419,629,426,1407,436,1403,249,1411,24,1412,634,21,38,1027,122,1405,1410,152,40],"_links":{"self":[{"href":"https:\/\/gymer.es\/blog\/wp-json\/wp\/v2\/posts\/692"}],"collection":[{"href":"https:\/\/gymer.es\/blog\/wp-json\/wp\/v2\/posts"}],"about":[{"href":"https:\/\/gymer.es\/blog\/wp-json\/wp\/v2\/types\/post"}],"author":[{"embeddable":true,"href":"https:\/\/gymer.es\/blog\/wp-json\/wp\/v2\/users\/2"}],"replies":[{"embeddable":true,"href":"https:\/\/gymer.es\/blog\/wp-json\/wp\/v2\/comments?post=692"}],"version-history":[{"count":1,"href":"https:\/\/gymer.es\/blog\/wp-json\/wp\/v2\/posts\/692\/revisions"}],"predecessor-version":[{"id":694,"href":"https:\/\/gymer.es\/blog\/wp-json\/wp\/v2\/posts\/692\/revisions\/694"}],"wp:featuredmedia":[{"embeddable":true,"href":"https:\/\/gymer.es\/blog\/wp-json\/wp\/v2\/media\/693"}],"wp:attachment":[{"href":"https:\/\/gymer.es\/blog\/wp-json\/wp\/v2\/media?parent=692"}],"wp:term":[{"taxonomy":"category","embeddable":true,"href":"https:\/\/gymer.es\/blog\/wp-json\/wp\/v2\/categories?post=692"},{"taxonomy":"post_tag","embeddable":true,"href":"https:\/\/gymer.es\/blog\/wp-json\/wp\/v2\/tags?post=692"}],"curies":[{"name":"wp","href":"https:\/\/api.w.org\/{rel}","templated":true}]}}