{"id":647,"date":"2024-05-13T16:19:20","date_gmt":"2024-05-13T14:19:20","guid":{"rendered":"https:\/\/gymer.es\/blog\/?p=647"},"modified":"2024-05-13T16:19:21","modified_gmt":"2024-05-13T14:19:21","slug":"el-granada-cf-certifica-su-descenso-a-segunda-division-en-una-temporada-marcada-por-la-adversidad","status":"publish","type":"post","link":"https:\/\/gymer.es\/blog\/el-granada-cf-certifica-su-descenso-a-segunda-division-en-una-temporada-marcada-por-la-adversidad\/","title":{"rendered":"El Granada CF Certifica su Descenso a Segunda Divisi\u00f3n en una Temporada Marcada por la Adversidad"},"content":{"rendered":"\n<p><\/p>\n\n\n\n<p><strong>El Granada CF <\/strong>ha oficializado su descenso a la Segunda Divisi\u00f3n, marcando as\u00ed el fin de una temporada plagada de desaf\u00edos y decepciones. Este desenlace se concreta tras una serie de malas decisiones tanto en el \u00e1mbito deportivo como institucional, lo que ha llevado al equipo a consumar su ca\u00edda a la Divisi\u00f3n de Plata del f\u00fatbol espa\u00f1ol.<\/p>\n\n\n\n<p>El triste desenlace llega incluso antes de que los rojiblancos tuvieran la oportunidad de enfrentarse al Real Madrid en el Nuevo Estadio de Los C\u00e1rmenes, con cuatro jornadas a\u00fan por disputarse. Este hecho se materializ\u00f3 tras la victoria del Mallorca ante Las Palmas, cumpli\u00e9ndose uno de los dos supuestos que pod\u00edan conducir al descenso este s\u00e1bado.<\/p>\n\n\n\n<p>La temporada del Granada CF estuvo marcada por la inestabilidad, con tres cambios de entrenador y dos modificaciones en la direcci\u00f3n deportiva. Esta falta de continuidad y la ausencia de una gesti\u00f3n deportiva s\u00f3lida han sido factores determinantes en el desenlace amargo para el equipo, que apenas un a\u00f1o atr\u00e1s hab\u00eda logrado el ascenso a la m\u00e1xima categor\u00eda del f\u00fatbol espa\u00f1ol: <a href=\"https:\/\/www.ahoragranada.com\/noticias\/el-granada-cf-certifica-su-fracaso-y-desciende-a-segunda-division\/\"><strong>https:\/\/www.ahoragranada.com\/noticias\/el-granada-cf-certifica-su-fracaso-y-desciende-a-segunda-division\/<\/strong><\/a><\/p>\n\n\n\n<p><\/p>\n","protected":false},"excerpt":{"rendered":"<p>El Granada CF ha oficializado su descenso a la Segunda Divisi\u00f3n, marcando as\u00ed el fin de una temporada plagada de desaf\u00edos y decepciones. Este desenlace se concreta tras una serie de malas decisiones tanto en el \u00e1mbito deportivo como institucional, lo que ha llevado al equipo a consumar su ca\u00edda a la Divisi\u00f3n de Plata [&hellip;]<\/p>\n","protected":false},"author":2,"featured_media":648,"comment_status":"closed","ping_status":"closed","sticky":false,"template":"","format":"standard","meta":{"footnotes":""},"categories":[8],"tags":[1263,1270,1269,1265,1262,1268,1266,1267],"_links":{"self":[{"href":"https:\/\/gymer.es\/blog\/wp-json\/wp\/v2\/posts\/647"}],"collection":[{"href":"https:\/\/gymer.es\/blog\/wp-json\/wp\/v2\/posts"}],"about":[{"href":"https:\/\/gymer.es\/blog\/wp-json\/wp\/v2\/types\/post"}],"author":[{"embeddable":true,"href":"https:\/\/gymer.es\/blog\/wp-json\/wp\/v2\/users\/2"}],"replies":[{"embeddable":true,"href":"https:\/\/gymer.es\/blog\/wp-json\/wp\/v2\/comments?post=647"}],"version-history":[{"count":1,"href":"https:\/\/gymer.es\/blog\/wp-json\/wp\/v2\/posts\/647\/revisions"}],"predecessor-version":[{"id":649,"href":"https:\/\/gymer.es\/blog\/wp-json\/wp\/v2\/posts\/647\/revisions\/649"}],"wp:featuredmedia":[{"embeddable":true,"href":"https:\/\/gymer.es\/blog\/wp-json\/wp\/v2\/media\/648"}],"wp:attachment":[{"href":"https:\/\/gymer.es\/blog\/wp-json\/wp\/v2\/media?parent=647"}],"wp:term":[{"taxonomy":"category","embeddable":true,"href":"https:\/\/gymer.es\/blog\/wp-json\/wp\/v2\/categories?post=647"},{"taxonomy":"post_tag","embeddable":true,"href":"https:\/\/gymer.es\/blog\/wp-json\/wp\/v2\/tags?post=647"}],"curies":[{"name":"wp","href":"https:\/\/api.w.org\/{rel}","templated":true}]}}