{"id":630,"date":"2024-05-03T15:45:28","date_gmt":"2024-05-03T13:45:28","guid":{"rendered":"https:\/\/gymer.es\/blog\/?p=630"},"modified":"2024-05-03T15:45:29","modified_gmt":"2024-05-03T13:45:29","slug":"carlos-alcaraz-se-retira-de-roma-por-recaida-de-lesion-en-el-antebrazo-roland-garros-en-peligro","status":"publish","type":"post","link":"https:\/\/gymer.es\/blog\/carlos-alcaraz-se-retira-de-roma-por-recaida-de-lesion-en-el-antebrazo-roland-garros-en-peligro\/","title":{"rendered":"Carlos Alcaraz se retira de Roma por reca\u00edda de lesi\u00f3n en el antebrazo, Roland Garros en peligro"},"content":{"rendered":"\n<p><\/p>\n\n\n\n<p>El joven tenista espa\u00f1ol, Carlos Alcaraz, se ve obligado a retirarse del torneo de Roma debido a una reca\u00edda de su lesi\u00f3n en el antebrazo. Tras haberse ausentado previamente en Montecarlo y Barcelona, Alcaraz decidi\u00f3 competir en Madrid, donde defend\u00eda t\u00edtulo, pero lamentablemente su lesi\u00f3n se agrav\u00f3 durante el torneo. A pesar de sentirse bien en los primeros encuentros, el esfuerzo de enfrentarse a jugadores como Struff y Rublev le pas\u00f3 factura, resultando en un edema muscular en el pronador redondo de su antebrazo derecho. Esta nueva baja es un golpe para Alcaraz, ya que pierde otra oportunidad de ganar confianza y ritmo de cara a Roland Garros, y pone en riesgo su participaci\u00f3n en dicho torneo. Los aficionados esperan su pronta recuperaci\u00f3n y retorno a las canchas: <a href=\"https:\/\/www.puntodebreak.com\/2024\/05\/03\/carlos-alcaraz-baja-roma-recaer-lesion-antebrazo\"><strong>https:\/\/www.puntodebreak.com\/2024\/05\/03\/carlos-alcaraz-baja-roma-recaer-lesion-antebrazo<\/strong><\/a><\/p>\n\n\n\n<p><\/p>\n\n\n\n<p><\/p>\n","protected":false},"excerpt":{"rendered":"<p>El joven tenista espa\u00f1ol, Carlos Alcaraz, se ve obligado a retirarse del torneo de Roma debido a una reca\u00edda de su lesi\u00f3n en el antebrazo. Tras haberse ausentado previamente en Montecarlo y Barcelona, Alcaraz decidi\u00f3 competir en Madrid, donde defend\u00eda t\u00edtulo, pero lamentablemente su lesi\u00f3n se agrav\u00f3 durante el torneo. A pesar de sentirse bien [&hellip;]<\/p>\n","protected":false},"author":2,"featured_media":632,"comment_status":"closed","ping_status":"closed","sticky":false,"template":"","format":"standard","meta":{"footnotes":""},"categories":[8],"tags":[1229,29,1232,1226,1227,1231,1230,534,1228,1233],"_links":{"self":[{"href":"https:\/\/gymer.es\/blog\/wp-json\/wp\/v2\/posts\/630"}],"collection":[{"href":"https:\/\/gymer.es\/blog\/wp-json\/wp\/v2\/posts"}],"about":[{"href":"https:\/\/gymer.es\/blog\/wp-json\/wp\/v2\/types\/post"}],"author":[{"embeddable":true,"href":"https:\/\/gymer.es\/blog\/wp-json\/wp\/v2\/users\/2"}],"replies":[{"embeddable":true,"href":"https:\/\/gymer.es\/blog\/wp-json\/wp\/v2\/comments?post=630"}],"version-history":[{"count":1,"href":"https:\/\/gymer.es\/blog\/wp-json\/wp\/v2\/posts\/630\/revisions"}],"predecessor-version":[{"id":633,"href":"https:\/\/gymer.es\/blog\/wp-json\/wp\/v2\/posts\/630\/revisions\/633"}],"wp:featuredmedia":[{"embeddable":true,"href":"https:\/\/gymer.es\/blog\/wp-json\/wp\/v2\/media\/632"}],"wp:attachment":[{"href":"https:\/\/gymer.es\/blog\/wp-json\/wp\/v2\/media?parent=630"}],"wp:term":[{"taxonomy":"category","embeddable":true,"href":"https:\/\/gymer.es\/blog\/wp-json\/wp\/v2\/categories?post=630"},{"taxonomy":"post_tag","embeddable":true,"href":"https:\/\/gymer.es\/blog\/wp-json\/wp\/v2\/tags?post=630"}],"curies":[{"name":"wp","href":"https:\/\/api.w.org\/{rel}","templated":true}]}}