{"id":605,"date":"2024-04-16T15:27:55","date_gmt":"2024-04-16T13:27:55","guid":{"rendered":"https:\/\/gymer.es\/blog\/?p=605"},"modified":"2024-04-16T15:28:22","modified_gmt":"2024-04-16T13:28:22","slug":"espana-sera-el-epicentro-del-balonmano-femenino-en-2029","status":"publish","type":"post","link":"https:\/\/gymer.es\/blog\/espana-sera-el-epicentro-del-balonmano-femenino-en-2029\/","title":{"rendered":"Espa\u00f1a ser\u00e1 el epicentro del balonmano femenino en 2029"},"content":{"rendered":"\n<p><\/p>\n\n\n\n<p>En una emocionante noticia para los amantes del deporte y los aficionados al balonmano, Espa\u00f1a ha sido seleccionada para albergar el Mundial Femenino de Balonmano en el a\u00f1o 2029. Este honor llega por segunda vez en la historia del pa\u00eds, despu\u00e9s de que la Federaci\u00f3n Internacional de Balonmano (IHF) anunciara su decisi\u00f3n en la localidad francesa de Cr\u00e9teil.<\/p>\n\n\n\n<p>La candidatura espa\u00f1ola se destac\u00f3 como la \u00fanica en la contienda, luego de que la opci\u00f3n de una colaboraci\u00f3n entre China y Rusia quedara fuera debido a las sanciones impuestas a Rusia por la situaci\u00f3n en Ucrania. El presidente de la Federaci\u00f3n Espa\u00f1ola, Francisco Bl\u00e1zquez, destac\u00f3 el \u00e9xito del Mundial de 2021, a pesar de los desaf\u00edos planteados por la pandemia, como un factor clave en la elecci\u00f3n.<\/p>\n\n\n\n<p>El reconocimiento internacional de Espa\u00f1a como anfitri\u00f3n de eventos deportivos de alto nivel se ha fortalecido con esta decisi\u00f3n. La noticia ha generado una gran anticipaci\u00f3n y entusiasmo en todo el pa\u00eds, mientras se prepara para recibir a los mejores equipos y atletas del mundo en el emocionante escenario del balonmano.<\/p>\n\n\n\n<p>Con su experiencia previa en la organizaci\u00f3n de eventos deportivos de gran envergadura y su pasi\u00f3n por el balonmano, Espa\u00f1a est\u00e1 lista para ofrecer un Mundial inolvidable en 2029: <a href=\"https:\/\/www.sport.es\/es\/noticias\/balonmano\/espana-organizara-mundial-femenino-balonmano-101136131\">https:\/\/www.sport.es\/es\/noticias\/balonmano\/espana-organizara-mundial-femenino-balonmano-101136131<\/a><\/p>\n","protected":false},"excerpt":{"rendered":"<p>En una emocionante noticia para los amantes del deporte y los aficionados al balonmano, Espa\u00f1a ha sido seleccionada para albergar el Mundial Femenino de Balonmano en el a\u00f1o 2029. Este honor llega por segunda vez en la historia del pa\u00eds, despu\u00e9s de que la Federaci\u00f3n Internacional de Balonmano (IHF) anunciara su decisi\u00f3n en la localidad [&hellip;]<\/p>\n","protected":false},"author":2,"featured_media":606,"comment_status":"closed","ping_status":"closed","sticky":false,"template":"","format":"standard","meta":{"footnotes":""},"categories":[2,8],"tags":[1148,1150,1142,1147,29,1143,1152,1141,1144,1145,1154,1146,1153],"_links":{"self":[{"href":"https:\/\/gymer.es\/blog\/wp-json\/wp\/v2\/posts\/605"}],"collection":[{"href":"https:\/\/gymer.es\/blog\/wp-json\/wp\/v2\/posts"}],"about":[{"href":"https:\/\/gymer.es\/blog\/wp-json\/wp\/v2\/types\/post"}],"author":[{"embeddable":true,"href":"https:\/\/gymer.es\/blog\/wp-json\/wp\/v2\/users\/2"}],"replies":[{"embeddable":true,"href":"https:\/\/gymer.es\/blog\/wp-json\/wp\/v2\/comments?post=605"}],"version-history":[{"count":1,"href":"https:\/\/gymer.es\/blog\/wp-json\/wp\/v2\/posts\/605\/revisions"}],"predecessor-version":[{"id":607,"href":"https:\/\/gymer.es\/blog\/wp-json\/wp\/v2\/posts\/605\/revisions\/607"}],"wp:featuredmedia":[{"embeddable":true,"href":"https:\/\/gymer.es\/blog\/wp-json\/wp\/v2\/media\/606"}],"wp:attachment":[{"href":"https:\/\/gymer.es\/blog\/wp-json\/wp\/v2\/media?parent=605"}],"wp:term":[{"taxonomy":"category","embeddable":true,"href":"https:\/\/gymer.es\/blog\/wp-json\/wp\/v2\/categories?post=605"},{"taxonomy":"post_tag","embeddable":true,"href":"https:\/\/gymer.es\/blog\/wp-json\/wp\/v2\/tags?post=605"}],"curies":[{"name":"wp","href":"https:\/\/api.w.org\/{rel}","templated":true}]}}