{"id":494,"date":"2024-02-12T14:00:33","date_gmt":"2024-02-12T13:00:33","guid":{"rendered":"https:\/\/gymer.es\/blog\/?p=494"},"modified":"2024-02-15T16:06:14","modified_gmt":"2024-02-15T15:06:14","slug":"espana-hace-historia-con-bronce-y-cuota-olimpica-en-saltos-sincronizados-masculinos-en-el-mundial-de-clavados-2024","status":"publish","type":"post","link":"https:\/\/gymer.es\/blog\/espana-hace-historia-con-bronce-y-cuota-olimpica-en-saltos-sincronizados-masculinos-en-el-mundial-de-clavados-2024\/","title":{"rendered":"Espa\u00f1a hace historia con bronce y cuota ol\u00edmpica en saltos sincronizados masculinos en el Mundial de Clavados 2024"},"content":{"rendered":"\n<p>\u00a1Incre\u00edble noticia para Espa\u00f1a en el Mundial de Clavados en Doha 2024! El hist\u00f3rico bronce obtenido por<strong> Adri\u00e1n Abad\u00eda<\/strong> y <strong>Nico Garc\u00eda <\/strong>en la final masculina de trampol\u00edn 3 metros sincronizados es una haza\u00f1a impresionante. No solo es la primera medalla para Espa\u00f1a en este evento en un Mundial de Clavados, sino que tambi\u00e9n asegura una cuota ol\u00edmpica para el pa\u00eds en los saltos sincronizados en los Juegos Ol\u00edmpicos de Par\u00eds 2024.<\/p>\n\n\n\n<p>El trabajo en equipo y la destreza de Abad\u00eda y Garc\u00eda han demostrado ser sobresalientes, y este logro sin duda los posiciona como referentes en el mundo de los clavados a nivel internacional. Adem\u00e1s, es importante destacar el esfuerzo y la dedicaci\u00f3n que han debido invertir para alcanzar este \u00e9xito.<\/p>\n\n\n\n<p>Por otro lado, aunque M\u00e9xico estuvo cerca de subir al podio, su logro de obtener un lugar en los Juegos Ol\u00edmpicos de Par\u00eds 2024 es tambi\u00e9n un resultado significativo y digno de reconocimiento.<\/p>\n\n\n\n<p>Este logro sin duda elevar\u00e1 el perfil de los clavados en Espa\u00f1a y M\u00e9xico, y esperamos ver m\u00e1s \u00e9xitos de estos atletas en futuras competiciones internacionales. \u00a1Felicidades a Adri\u00e1n Abad\u00eda, Nico Garc\u00eda y a todo el equipo espa\u00f1ol por este hist\u00f3rico logro: <a href=\"https:\/\/olympics.com\/es\/noticias\/espana-historico-bronce-cuota-olimpica-saltos-sincronizados-3m-mundial-2024\">https:\/\/olympics.com\/es\/noticias\/espana-historico-bronce-cuota-olimpica-saltos-sincronizados-3m-mundial-2024<\/a><\/p>\n\n\n\n<p><\/p>\n","protected":false},"excerpt":{"rendered":"<p>\u00a1Incre\u00edble noticia para Espa\u00f1a en el Mundial de Clavados en Doha 2024! El hist\u00f3rico bronce obtenido por Adri\u00e1n Abad\u00eda y Nico Garc\u00eda en la final masculina de trampol\u00edn 3 metros sincronizados es una haza\u00f1a impresionante. No solo es la primera medalla para Espa\u00f1a en este evento en un Mundial de Clavados, sino que tambi\u00e9n asegura [&hellip;]<\/p>\n","protected":false},"author":2,"featured_media":496,"comment_status":"closed","ping_status":"closed","sticky":false,"template":"","format":"standard","meta":{"footnotes":""},"categories":[8],"tags":[809,128,806,813,29,812,811,814,808,807,810,805],"_links":{"self":[{"href":"https:\/\/gymer.es\/blog\/wp-json\/wp\/v2\/posts\/494"}],"collection":[{"href":"https:\/\/gymer.es\/blog\/wp-json\/wp\/v2\/posts"}],"about":[{"href":"https:\/\/gymer.es\/blog\/wp-json\/wp\/v2\/types\/post"}],"author":[{"embeddable":true,"href":"https:\/\/gymer.es\/blog\/wp-json\/wp\/v2\/users\/2"}],"replies":[{"embeddable":true,"href":"https:\/\/gymer.es\/blog\/wp-json\/wp\/v2\/comments?post=494"}],"version-history":[{"count":1,"href":"https:\/\/gymer.es\/blog\/wp-json\/wp\/v2\/posts\/494\/revisions"}],"predecessor-version":[{"id":495,"href":"https:\/\/gymer.es\/blog\/wp-json\/wp\/v2\/posts\/494\/revisions\/495"}],"wp:featuredmedia":[{"embeddable":true,"href":"https:\/\/gymer.es\/blog\/wp-json\/wp\/v2\/media\/496"}],"wp:attachment":[{"href":"https:\/\/gymer.es\/blog\/wp-json\/wp\/v2\/media?parent=494"}],"wp:term":[{"taxonomy":"category","embeddable":true,"href":"https:\/\/gymer.es\/blog\/wp-json\/wp\/v2\/categories?post=494"},{"taxonomy":"post_tag","embeddable":true,"href":"https:\/\/gymer.es\/blog\/wp-json\/wp\/v2\/tags?post=494"}],"curies":[{"name":"wp","href":"https:\/\/api.w.org\/{rel}","templated":true}]}}