{"id":345,"date":"2023-12-21T12:14:12","date_gmt":"2023-12-21T11:14:12","guid":{"rendered":"https:\/\/gymer.es\/blog\/?p=345"},"modified":"2023-12-21T12:14:13","modified_gmt":"2023-12-21T11:14:13","slug":"delicias-navidenas-receta-exclusiva-de-tronco-de-navidad-con-crema-de-cacao-y-avellanas-fitness","status":"publish","type":"post","link":"https:\/\/gymer.es\/blog\/delicias-navidenas-receta-exclusiva-de-tronco-de-navidad-con-crema-de-cacao-y-avellanas-fitness\/","title":{"rendered":"Delicias Navide\u00f1as: Receta Exclusiva de Tronco de Navidad con Crema de Cacao y Avellanas Fitness"},"content":{"rendered":"\n<p><\/p>\n\n\n\n<p><\/p>\n\n\n\n<p>\u00a1La temporada navide\u00f1a ha llegado, y no hay mejor manera de celebrar que con una receta espectacular que deleitar\u00e1 a tus seres queridos! En esta ocasi\u00f3n, te presento una creaci\u00f3n \u00fanica: el Tronco de Navidad con Crema de Cacao y Avellanas. Este postre tradicionalmente europeo ha sido reinventado con un toque moderno y delicioso que seguramente se convertir\u00e1 en la estrella de tu mesa navide\u00f1a.<\/p>\n\n\n\n<p><\/p>\n\n\n\n<p class=\"has-maximum-yellow-red-color has-text-color has-link-color wp-elements-89e838abae2751aa87bf4b1fee6238f0\"><strong>Historia del Tronco de Navidad:<\/strong><\/p>\n\n\n\n<p>Antes de sumergirnos en la elaboraci\u00f3n de esta delicia, vale la pena conocer un poco m\u00e1s sobre la historia del Tronco de Navidad. Este postre tiene sus ra\u00edces en la tradici\u00f3n francesa, donde se conoce como \u00abB\u00fbche de No\u00ebl\u00bb. Originalmente, la receta consist\u00eda en una esponjosa plancha de bizcocho enrollada y cubierta con crema de mantequilla. Con el tiempo, esta deliciosa creaci\u00f3n evolucion\u00f3, y hoy en d\u00eda, diferentes versiones adornan las mesas navide\u00f1as en todo el mundo.<\/p>\n\n\n\n<p><\/p>\n\n\n\n<div id=\"ez-toc-container\" class=\"ez-toc-v2_0_74 counter-hierarchy ez-toc-counter ez-toc-grey ez-toc-container-direction\">\n<div class=\"ez-toc-title-container\">\n<p class=\"ez-toc-title\" style=\"cursor:inherit\">Table of Contents<\/p>\n<span class=\"ez-toc-title-toggle\"><a href=\"#\" class=\"ez-toc-pull-right ez-toc-btn ez-toc-btn-xs ez-toc-btn-default ez-toc-toggle\" aria-label=\"Alternar tabla de contenidos\"><span class=\"ez-toc-js-icon-con\"><span class=\"\"><span class=\"eztoc-hide\" style=\"display:none;\">Toggle<\/span><span class=\"ez-toc-icon-toggle-span\"><svg style=\"fill: #999;color:#999\" xmlns=\"http:\/\/www.w3.org\/2000\/svg\" class=\"list-377408\" width=\"20px\" height=\"20px\" viewBox=\"0 0 24 24\" fill=\"none\"><path d=\"M6 6H4v2h2V6zm14 0H8v2h12V6zM4 11h2v2H4v-2zm16 0H8v2h12v-2zM4 16h2v2H4v-2zm16 0H8v2h12v-2z\" fill=\"currentColor\"><\/path><\/svg><svg style=\"fill: #999;color:#999\" class=\"arrow-unsorted-368013\" xmlns=\"http:\/\/www.w3.org\/2000\/svg\" width=\"10px\" height=\"10px\" viewBox=\"0 0 24 24\" version=\"1.2\" baseProfile=\"tiny\"><path d=\"M18.2 9.3l-6.2-6.3-6.2 6.3c-.2.2-.3.4-.3.7s.1.5.3.7c.2.2.4.3.7.3h11c.3 0 .5-.1.7-.3.2-.2.3-.5.3-.7s-.1-.5-.3-.7zM5.8 14.7l6.2 6.3 6.2-6.3c.2-.2.3-.5.3-.7s-.1-.5-.3-.7c-.2-.2-.4-.3-.7-.3h-11c-.3 0-.5.1-.7.3-.2.2-.3.5-.3.7s.1.5.3.7z\"\/><\/svg><\/span><\/span><\/span><\/a><\/span><\/div>\n<nav><ul class='ez-toc-list ez-toc-list-level-1 ' ><li class='ez-toc-page-1 ez-toc-heading-level-4'><a class=\"ez-toc-link ez-toc-heading-1\" href=\"https:\/\/gymer.es\/blog\/delicias-navidenas-receta-exclusiva-de-tronco-de-navidad-con-crema-de-cacao-y-avellanas-fitness\/#Ingredientes\" >Ingredientes:<\/a><\/li><li class='ez-toc-page-1 ez-toc-heading-level-4'><a class=\"ez-toc-link ez-toc-heading-2\" href=\"https:\/\/gymer.es\/blog\/delicias-navidenas-receta-exclusiva-de-tronco-de-navidad-con-crema-de-cacao-y-avellanas-fitness\/#Instrucciones\" >Instrucciones:<\/a><\/li><\/ul><\/nav><\/div>\n<h4 class=\"wp-block-heading has-maximum-yellow-red-color has-text-color has-link-color wp-elements-42045ec31373f6247723d6fe70994dd1\"><span class=\"ez-toc-section\" id=\"Ingredientes\"><\/span>Ingredientes:<span class=\"ez-toc-section-end\"><\/span><\/h4>\n\n\n\n<p><strong>Para el bizcocho:<\/strong><\/p>\n\n\n\n<ul>\n<li>4 huevos (separados en yemas y claras)<\/li>\n\n\n\n<li>1\/2 taza de harina de almendra<\/li>\n\n\n\n<li>1\/4 taza de harina de coco<\/li>\n\n\n\n<li>1\/4 taza de cacao en polvo sin az\u00facar<\/li>\n\n\n\n<li>1\/2 taza de edulcorante natural (stevia, eritritol, o tu preferido)<\/li>\n\n\n\n<li>1 cucharadita de extracto de vainilla<\/li>\n\n\n\n<li>1\/2 cucharadita de polvo de hornear<\/li>\n\n\n\n<li>Una pizca de sal<\/li>\n<\/ul>\n\n\n\n<p><strong>Para el relleno:<\/strong><\/p>\n\n\n\n<ul>\n<li>1 taza de queso crema bajo en grasa<\/li>\n\n\n\n<li>1\/4 taza de crema de cacao y avellanas sin az\u00facar<\/li>\n\n\n\n<li>2 cucharadas de edulcorante natural<\/li>\n<\/ul>\n\n\n\n<p><strong>Para la cobertura:<\/strong><\/p>\n\n\n\n<ul>\n<li>1\/2 taza de yogur griego sin grasa<\/li>\n\n\n\n<li>2 cucharadas de crema de cacao y avellanas sin az\u00facar<\/li>\n\n\n\n<li>Avellanas picadas (para decorar)<\/li>\n<\/ul>\n\n\n\n<h4 class=\"wp-block-heading has-maximum-yellow-red-color has-text-color has-link-color wp-elements-1a5b4298b2d01aa814f20efef9f3edcb\"><span class=\"ez-toc-section\" id=\"Instrucciones\"><\/span>Instrucciones:<span class=\"ez-toc-section-end\"><\/span><\/h4>\n\n\n\n<ol>\n<li>Precalienta el horno a 180\u00b0C (350\u00b0F). Engrasa y forra una bandeja para hornear con papel pergamino.<\/li>\n\n\n\n<li>En un taz\u00f3n grande, bate las yemas de huevo con el edulcorante hasta obtener una mezcla suave. Agrega la harina de almendra, la harina de coco, el cacao en polvo, el extracto de vainilla, el polvo de hornear y la pizca de sal. Mezcla bien.<\/li>\n\n\n\n<li>En otro taz\u00f3n, bate las claras de huevo a punto de nieve. Incorpora las claras batidas a la mezcla de yemas en tres partes, con movimientos suaves y envolventes.<\/li>\n\n\n\n<li>Vierte la masa en la bandeja preparada y exti\u00e9ndela de manera uniforme. Hornea en el horno precalentado durante aproximadamente 15-20 minutos, o hasta que al insertar un palillo en el centro, este salga limpio.<\/li>\n\n\n\n<li>Mientras el bizcocho se enfr\u00eda, prepara el relleno mezclando el queso crema, la crema de cacao y avellanas, y el edulcorante en un taz\u00f3n.<\/li>\n\n\n\n<li>Desenrolla el bizcocho y extiende uniformemente el relleno sobre la superficie.<\/li>\n\n\n\n<li>Enrolla nuevamente el bizcocho con cuidado y col\u00f3calo en una bandeja.<\/li>\n\n\n\n<li>Prepara la cobertura mezclando el yogur griego con la crema de cacao y avellanas. Cubre el tronco con esta mezcla.<\/li>\n\n\n\n<li>Decora con avellanas picadas.<\/li>\n\n\n\n<li>Refrigera durante al menos 1-2 horas antes de servir para que el tronco tome forma.<\/li>\n<\/ol>\n\n\n\n<p><\/p>\n\n\n\n<p><\/p>\n\n\n\n<p>Este Tronco de Navidad es m\u00e1s que una receta; es una experiencia gastron\u00f3mica que fusiona lo cl\u00e1sico con lo contempor\u00e1neo. Sorprende a tus invitados con este postre \u00fanico que captura la esencia de la Navidad en cada bocado. \u00a1Felices fiestas y buen provecho!<\/p>\n","protected":false},"excerpt":{"rendered":"<p>\u00a1La temporada navide\u00f1a ha llegado, y no hay mejor manera de celebrar que con una receta espectacular que deleitar\u00e1 a tus seres queridos! En esta ocasi\u00f3n, te presento una creaci\u00f3n \u00fanica: el Tronco de Navidad con Crema de Cacao y Avellanas. Este postre tradicionalmente europeo ha sido reinventado con un toque moderno y delicioso que [&hellip;]<\/p>\n","protected":false},"author":2,"featured_media":347,"comment_status":"closed","ping_status":"closed","sticky":false,"template":"","format":"standard","meta":{"footnotes":""},"categories":[6],"tags":[55,498,502,493,497,61,499,495,57,137,251,491,82,501,500,403,198,21,496,490,492],"_links":{"self":[{"href":"https:\/\/gymer.es\/blog\/wp-json\/wp\/v2\/posts\/345"}],"collection":[{"href":"https:\/\/gymer.es\/blog\/wp-json\/wp\/v2\/posts"}],"about":[{"href":"https:\/\/gymer.es\/blog\/wp-json\/wp\/v2\/types\/post"}],"author":[{"embeddable":true,"href":"https:\/\/gymer.es\/blog\/wp-json\/wp\/v2\/users\/2"}],"replies":[{"embeddable":true,"href":"https:\/\/gymer.es\/blog\/wp-json\/wp\/v2\/comments?post=345"}],"version-history":[{"count":4,"href":"https:\/\/gymer.es\/blog\/wp-json\/wp\/v2\/posts\/345\/revisions"}],"predecessor-version":[{"id":350,"href":"https:\/\/gymer.es\/blog\/wp-json\/wp\/v2\/posts\/345\/revisions\/350"}],"wp:featuredmedia":[{"embeddable":true,"href":"https:\/\/gymer.es\/blog\/wp-json\/wp\/v2\/media\/347"}],"wp:attachment":[{"href":"https:\/\/gymer.es\/blog\/wp-json\/wp\/v2\/media?parent=345"}],"wp:term":[{"taxonomy":"category","embeddable":true,"href":"https:\/\/gymer.es\/blog\/wp-json\/wp\/v2\/categories?post=345"},{"taxonomy":"post_tag","embeddable":true,"href":"https:\/\/gymer.es\/blog\/wp-json\/wp\/v2\/tags?post=345"}],"curies":[{"name":"wp","href":"https:\/\/api.w.org\/{rel}","templated":true}]}}