{"id":230,"date":"2023-11-16T12:55:24","date_gmt":"2023-11-16T11:55:24","guid":{"rendered":"https:\/\/gymer.es\/blog\/?p=230"},"modified":"2023-11-17T14:50:26","modified_gmt":"2023-11-17T13:50:26","slug":"vibrante-competencia-en-la-55o-edicion-del-campeonato-de-espana-feff-ifbb","status":"publish","type":"post","link":"https:\/\/gymer.es\/blog\/vibrante-competencia-en-la-55o-edicion-del-campeonato-de-espana-feff-ifbb\/","title":{"rendered":"Vibrante Competencia en la 55\u00ba Edici\u00f3n del Campeonato de Espa\u00f1a FEFF-IFBB"},"content":{"rendered":"\n<p><\/p>\n\n\n\n<p> Del 17 al 19 de noviembre, la \u00e9lite del fisiculturismo se reunir\u00e1 en el <strong>Campeonato de Espa\u00f1a FEFF-IFBB<\/strong>, marcando la 55\u00ba edici\u00f3n de este espectacular evento que une a los apasionados del fitness de toda Espa\u00f1a en un espect\u00e1culo deslumbrante de determinaci\u00f3n, disciplina y belleza f\u00edsica. Celebrado bajo el paraguas de la Federaci\u00f3n Espa\u00f1ola de Fisicoculturismo y Fitness (FEFF) y la Federaci\u00f3n Internacional de Fisicoculturismo y Fitness (IFBB), este campeonato no solo destaca la excelencia atl\u00e9tica, sino que tambi\u00e9n encapsula la dedicaci\u00f3n y la pasi\u00f3n que impulsa a estos atletas a superar l\u00edmites.<\/p>\n\n\n\n<p><\/p>\n\n\n\n<p>El 55\u00ba Campeonato de Espa\u00f1a FEFF-IFBB celebra la diversidad en todas sus formas. Desde la categor\u00eda bikini hasta el culturismo cl\u00e1sico, los competidores representan una amplia gama de estilos y tipos de cuerpo. Este enfoque inclusivo refleja la evoluci\u00f3n positiva en la percepci\u00f3n del cuerpo y destaca la belleza en todas sus manifestaciones.<\/p>\n\n\n\n<p><\/p>\n\n\n\n<p>Si eres un amante del fisiculturismo o simplemente est\u00e1s interesado en presenciar el espect\u00e1culo, aseg\u00farate de conseguir tu entrada en un sitio emblem\u00e1tico como lo es el\u00a0Palacio de Congresos LIENZO NORTE de \u00c1vila,\u00a0Castilla y Le\u00f3n.<\/p>\n\n\n\n<p>Puedes encontrar toda la informaci\u00f3n del evento y el programa de categor\u00edas en la web: <strong><a href=\"https:\/\/ifbbspain.com\/\">https:\/\/ifbbspain.com\/<\/a><\/strong><\/p>\n\n\n\n<p><\/p>\n","protected":false},"excerpt":{"rendered":"<p>Del 17 al 19 de noviembre, la \u00e9lite del fisiculturismo se reunir\u00e1 en el Campeonato de Espa\u00f1a FEFF-IFBB, marcando la 55\u00ba edici\u00f3n de este espectacular evento que une a los apasionados del fitness de toda Espa\u00f1a en un espect\u00e1culo deslumbrante de determinaci\u00f3n, disciplina y belleza f\u00edsica. Celebrado bajo el paraguas de la Federaci\u00f3n Espa\u00f1ola de [&hellip;]<\/p>\n","protected":false},"author":2,"featured_media":231,"comment_status":"closed","ping_status":"closed","sticky":false,"template":"","format":"standard","meta":{"footnotes":""},"categories":[8],"tags":[128,316,320,321,324,93,319,317,105,29,314,237,313,95,57,94,322,323,315,318],"_links":{"self":[{"href":"https:\/\/gymer.es\/blog\/wp-json\/wp\/v2\/posts\/230"}],"collection":[{"href":"https:\/\/gymer.es\/blog\/wp-json\/wp\/v2\/posts"}],"about":[{"href":"https:\/\/gymer.es\/blog\/wp-json\/wp\/v2\/types\/post"}],"author":[{"embeddable":true,"href":"https:\/\/gymer.es\/blog\/wp-json\/wp\/v2\/users\/2"}],"replies":[{"embeddable":true,"href":"https:\/\/gymer.es\/blog\/wp-json\/wp\/v2\/comments?post=230"}],"version-history":[{"count":4,"href":"https:\/\/gymer.es\/blog\/wp-json\/wp\/v2\/posts\/230\/revisions"}],"predecessor-version":[{"id":235,"href":"https:\/\/gymer.es\/blog\/wp-json\/wp\/v2\/posts\/230\/revisions\/235"}],"wp:featuredmedia":[{"embeddable":true,"href":"https:\/\/gymer.es\/blog\/wp-json\/wp\/v2\/media\/231"}],"wp:attachment":[{"href":"https:\/\/gymer.es\/blog\/wp-json\/wp\/v2\/media?parent=230"}],"wp:term":[{"taxonomy":"category","embeddable":true,"href":"https:\/\/gymer.es\/blog\/wp-json\/wp\/v2\/categories?post=230"},{"taxonomy":"post_tag","embeddable":true,"href":"https:\/\/gymer.es\/blog\/wp-json\/wp\/v2\/tags?post=230"}],"curies":[{"name":"wp","href":"https:\/\/api.w.org\/{rel}","templated":true}]}}