{"id":1267,"date":"2025-09-12T15:57:54","date_gmt":"2025-09-12T13:57:54","guid":{"rendered":"https:\/\/gymer.es\/blog\/?p=1267"},"modified":"2025-09-12T16:02:24","modified_gmt":"2025-09-12T14:02:24","slug":"panes-que-cuidan-tu-salud-elige-bien-come-mejor","status":"publish","type":"post","link":"https:\/\/gymer.es\/blog\/panes-que-cuidan-tu-salud-elige-bien-come-mejor\/","title":{"rendered":"Panes que cuidan tu salud: elige bien, come mejor"},"content":{"rendered":"\n<p><\/p>\n\n\n\n<p>El pan es uno de los alimentos m\u00e1s universales y antiguos de la humanidad. Desde las primeras civilizaciones que mezclaron agua y harina hasta las modernas panader\u00edas artesanales, este producto ha acompa\u00f1ado a la mesa en pr\u00e1cticamente todas las culturas. Pero, a pesar de su popularidad, sigue rodeado de preguntas: \u00bfqu\u00e9 tipo de pan es m\u00e1s saludable?, \u00bfcu\u00e1l es mejor para una dieta equilibrada?, \u00bfrealmente todos los panes engordan?<\/p>\n\n\n\n<p>En este art\u00edculo te contar\u00e9 los principales tipos de pan, sus caracter\u00edsticas nutricionales y c\u00f3mo elegir la mejor opci\u00f3n seg\u00fan tu estilo de vida y tus objetivos de salud. <\/p>\n\n\n\n<div id=\"ez-toc-container\" class=\"ez-toc-v2_0_74 counter-hierarchy ez-toc-counter ez-toc-grey ez-toc-container-direction\">\n<div class=\"ez-toc-title-container\">\n<p class=\"ez-toc-title\" style=\"cursor:inherit\">Table of Contents<\/p>\n<span class=\"ez-toc-title-toggle\"><a href=\"#\" class=\"ez-toc-pull-right ez-toc-btn ez-toc-btn-xs ez-toc-btn-default ez-toc-toggle\" aria-label=\"Alternar tabla de contenidos\"><span class=\"ez-toc-js-icon-con\"><span class=\"\"><span class=\"eztoc-hide\" style=\"display:none;\">Toggle<\/span><span class=\"ez-toc-icon-toggle-span\"><svg style=\"fill: #999;color:#999\" xmlns=\"http:\/\/www.w3.org\/2000\/svg\" class=\"list-377408\" width=\"20px\" height=\"20px\" viewBox=\"0 0 24 24\" fill=\"none\"><path d=\"M6 6H4v2h2V6zm14 0H8v2h12V6zM4 11h2v2H4v-2zm16 0H8v2h12v-2zM4 16h2v2H4v-2zm16 0H8v2h12v-2z\" fill=\"currentColor\"><\/path><\/svg><svg style=\"fill: #999;color:#999\" class=\"arrow-unsorted-368013\" xmlns=\"http:\/\/www.w3.org\/2000\/svg\" width=\"10px\" height=\"10px\" viewBox=\"0 0 24 24\" version=\"1.2\" baseProfile=\"tiny\"><path d=\"M18.2 9.3l-6.2-6.3-6.2 6.3c-.2.2-.3.4-.3.7s.1.5.3.7c.2.2.4.3.7.3h11c.3 0 .5-.1.7-.3.2-.2.3-.5.3-.7s-.1-.5-.3-.7zM5.8 14.7l6.2 6.3 6.2-6.3c.2-.2.3-.5.3-.7s-.1-.5-.3-.7c-.2-.2-.4-.3-.7-.3h-11c-.3 0-.5.1-.7.3-.2.2-.3.5-.3.7s.1.5.3.7z\"\/><\/svg><\/span><\/span><\/span><\/a><\/span><\/div>\n<nav><ul class='ez-toc-list ez-toc-list-level-1 ' ><li class='ez-toc-page-1 ez-toc-heading-level-2'><a class=\"ez-toc-link ez-toc-heading-1\" href=\"https:\/\/gymer.es\/blog\/panes-que-cuidan-tu-salud-elige-bien-come-mejor\/#1_Pan_blanco_el_clasico_de_siempre\" >1. Pan blanco: el cl\u00e1sico de siempre<\/a><\/li><li class='ez-toc-page-1 ez-toc-heading-level-2'><a class=\"ez-toc-link ez-toc-heading-2\" href=\"https:\/\/gymer.es\/blog\/panes-que-cuidan-tu-salud-elige-bien-come-mejor\/#2_Pan_integral_la_alternativa_rica_en_fibra\" >2. Pan integral: la alternativa rica en fibra<\/a><\/li><li class='ez-toc-page-1 ez-toc-heading-level-2'><a class=\"ez-toc-link ez-toc-heading-3\" href=\"https:\/\/gymer.es\/blog\/panes-que-cuidan-tu-salud-elige-bien-come-mejor\/#3_Pan_de_centeno_sabor_intenso_y_beneficios_digestivos\" >3. Pan de centeno: sabor intenso y beneficios digestivos<\/a><\/li><li class='ez-toc-page-1 ez-toc-heading-level-2'><a class=\"ez-toc-link ez-toc-heading-4\" href=\"https:\/\/gymer.es\/blog\/panes-que-cuidan-tu-salud-elige-bien-come-mejor\/#4_Pan_de_avena_aliado_del_corazon\" >4. Pan de avena: aliado del coraz\u00f3n<\/a><\/li><li class='ez-toc-page-1 ez-toc-heading-level-2'><a class=\"ez-toc-link ez-toc-heading-5\" href=\"https:\/\/gymer.es\/blog\/panes-que-cuidan-tu-salud-elige-bien-come-mejor\/#5_Pan_de_espelta_el_cereal_antiguo_que_vuelve_a_estar_de_moda\" >5. Pan de espelta: el cereal antiguo que vuelve a estar de moda<\/a><\/li><li class='ez-toc-page-1 ez-toc-heading-level-2'><a class=\"ez-toc-link ez-toc-heading-6\" href=\"https:\/\/gymer.es\/blog\/panes-que-cuidan-tu-salud-elige-bien-come-mejor\/#6_Pan_sin_gluten_opciones_para_celiacos_e_intolerantes\" >6. Pan sin gluten: opciones para cel\u00edacos e intolerantes<\/a><\/li><li class='ez-toc-page-1 ez-toc-heading-level-2'><a class=\"ez-toc-link ez-toc-heading-7\" href=\"https:\/\/gymer.es\/blog\/panes-que-cuidan-tu-salud-elige-bien-come-mejor\/#7_Pan_de_maiz_tradicion_y_energia\" >7. Pan de ma\u00edz: tradici\u00f3n y energ\u00eda<\/a><\/li><li class='ez-toc-page-1 ez-toc-heading-level-2'><a class=\"ez-toc-link ez-toc-heading-8\" href=\"https:\/\/gymer.es\/blog\/panes-que-cuidan-tu-salud-elige-bien-come-mejor\/#8_Pan_de_masa_madre_la_fermentacion_lenta_que_conquista\" >8. Pan de masa madre: la fermentaci\u00f3n lenta que conquista<\/a><\/li><li class='ez-toc-page-1 ez-toc-heading-level-2'><a class=\"ez-toc-link ez-toc-heading-9\" href=\"https:\/\/gymer.es\/blog\/panes-que-cuidan-tu-salud-elige-bien-come-mejor\/#9_Pan_proteico_la_tendencia_fitness\" >9. Pan proteico: la tendencia fitness<\/a><\/li><li class='ez-toc-page-1 ez-toc-heading-level-2'><a class=\"ez-toc-link ez-toc-heading-10\" href=\"https:\/\/gymer.es\/blog\/panes-que-cuidan-tu-salud-elige-bien-come-mejor\/#10_Pan_con_semillas_un_plus_de_nutrientes\" >10. Pan con semillas: un plus de nutrientes<\/a><\/li><li class='ez-toc-page-1 ez-toc-heading-level-2'><a class=\"ez-toc-link ez-toc-heading-11\" href=\"https:\/\/gymer.es\/blog\/panes-que-cuidan-tu-salud-elige-bien-come-mejor\/#%C2%BFQue_pan_elegir_segun_tu_dieta\" >\u00bfQu\u00e9 pan elegir seg\u00fan tu dieta?<\/a><\/li><li class='ez-toc-page-1 ez-toc-heading-level-2'><a class=\"ez-toc-link ez-toc-heading-12\" href=\"https:\/\/gymer.es\/blog\/panes-que-cuidan-tu-salud-elige-bien-come-mejor\/#Consejos_para_un_consumo_saludable_de_pan\" >Consejos para un consumo saludable de pan<\/a><\/li><li class='ez-toc-page-1 ez-toc-heading-level-2'><a class=\"ez-toc-link ez-toc-heading-13\" href=\"https:\/\/gymer.es\/blog\/panes-que-cuidan-tu-salud-elige-bien-come-mejor\/#Reflexion_final\" >Reflexi\u00f3n final<\/a><\/li><\/ul><\/nav><\/div>\n<h2 class=\"wp-block-heading\"><span class=\"ez-toc-section\" id=\"1_Pan_blanco_el_clasico_de_siempre\"><\/span>1. Pan blanco: el cl\u00e1sico de siempre<span class=\"ez-toc-section-end\"><\/span><\/h2>\n\n\n\n<p>El pan blanco es quiz\u00e1s el m\u00e1s consumido en el mundo. Se elabora con harina de trigo refinada, lo que significa que el grano ha perdido parte de su salvado y germen durante el proceso.<\/p>\n\n\n\n<ul>\n<li>Caracter\u00edsticas: textura suave, color claro, sabor neutro.<\/li>\n\n\n\n<li>Nutrici\u00f3n: es una fuente r\u00e1pida de carbohidratos, pero contiene menos fibra, <strong><a href=\"https:\/\/gymer.es\/17-vitaminas-y-minerales\">vitaminas y minerales<\/a><\/strong> que el pan integral.<\/li>\n\n\n\n<li>En la dieta: recomendable moderar su consumo, ya que provoca picos de glucosa y sacia menos. Puede ser una opci\u00f3n en comidas que requieren energ\u00eda inmediata, por ejemplo, antes de una actividad f\u00edsica intensa.<\/li>\n<\/ul>\n\n\n\n<h2 class=\"wp-block-heading\"><span class=\"ez-toc-section\" id=\"2_Pan_integral_la_alternativa_rica_en_fibra\"><\/span>2. Pan integral: la alternativa rica en fibra<span class=\"ez-toc-section-end\"><\/span><\/h2>\n\n\n\n<p>El pan integral se elabora con harina que conserva todas las partes del grano (endospermo, salvado y germen).<\/p>\n\n\n\n<ul>\n<li>Caracter\u00edsticas: color m\u00e1s oscuro, textura densa, sabor ligeramente terroso.<\/li>\n\n\n\n<li>Nutrici\u00f3n: alto en fibra, <strong><a href=\"https:\/\/gymer.es\/vitaminas-y-minerales\/198-vitamina-b50-60-tabletas.html\">vitaminas del grupo B<\/a><\/strong>, hierro y antioxidantes. La fibra mejora la digesti\u00f3n, ayuda a controlar el apetito y contribuye a la salud cardiovascular.<\/li>\n\n\n\n<li>En la dieta: ideal para quienes buscan controlar el peso o mejorar la salud intestinal. Aporta saciedad y libera energ\u00eda de forma m\u00e1s gradual.<\/li>\n<\/ul>\n\n\n\n<h2 class=\"wp-block-heading\"><span class=\"ez-toc-section\" id=\"3_Pan_de_centeno_sabor_intenso_y_beneficios_digestivos\"><\/span>3. Pan de centeno: sabor intenso y beneficios digestivos<span class=\"ez-toc-section-end\"><\/span><\/h2>\n\n\n\n<p>El centeno es un cereal que aporta un pan con sabor m\u00e1s fuerte y textura compacta.<\/p>\n\n\n\n<ul>\n<li>Caracter\u00edsticas: color marr\u00f3n oscuro, aroma marcado y corteza densa.<\/li>\n\n\n\n<li>Nutrici\u00f3n: contiene m\u00e1s fibra soluble que el pan de trigo, lo que favorece la digesti\u00f3n y regula los niveles de colesterol. Tambi\u00e9n tiene un \u00edndice gluc\u00e9mico m\u00e1s bajo.<\/li>\n\n\n\n<li>En la dieta: recomendado para diab\u00e9ticos o personas que necesitan controlar los niveles de az\u00facar en sangre. Perfecto para desayunos energ\u00e9ticos y saludables.<\/li>\n<\/ul>\n\n\n\n<h2 class=\"wp-block-heading\"><span class=\"ez-toc-section\" id=\"4_Pan_de_avena_aliado_del_corazon\"><\/span>4. Pan de avena: aliado del coraz\u00f3n<span class=\"ez-toc-section-end\"><\/span><\/h2>\n\n\n\n<p>La avena es reconocida por sus beneficios para la salud cardiovascular y digestiva.<\/p>\n\n\n\n<ul>\n<li>Caracter\u00edsticas: textura suave y sabor ligeramente dulce.<\/li>\n\n\n\n<li>Nutrici\u00f3n: contiene beta glucanos, un tipo de fibra que ayuda a reducir el colesterol y mantener estables los niveles de glucosa.<\/li>\n\n\n\n<li>En la dieta: muy recomendable para personas con colesterol alto, deportistas o quienes desean un pan nutritivo sin ser demasiado pesado.<\/li>\n<\/ul>\n\n\n\n<h2 class=\"wp-block-heading\"><span class=\"ez-toc-section\" id=\"5_Pan_de_espelta_el_cereal_antiguo_que_vuelve_a_estar_de_moda\"><\/span>5. Pan de espelta: el cereal antiguo que vuelve a estar de moda<span class=\"ez-toc-section-end\"><\/span><\/h2>\n\n\n\n<p>La espelta es un trigo ancestral que ha recuperado popularidad en los \u00faltimos a\u00f1os.<\/p>\n\n\n\n<ul>\n<li>Caracter\u00edsticas: sabor suave con un toque a nuez, textura ligera.<\/li>\n\n\n\n<li>Nutrici\u00f3n: m\u00e1s prote\u00ednas y minerales que el trigo com\u00fan, adem\u00e1s de una digesti\u00f3n m\u00e1s sencilla para algunas personas.<\/li>\n\n\n\n<li>En la dieta: buena opci\u00f3n para quienes buscan variedad y nutrientes adicionales, aunque no es apto para cel\u00edacos porque contiene gluten.<\/li>\n<\/ul>\n\n\n\n<h2 class=\"wp-block-heading\"><span class=\"ez-toc-section\" id=\"6_Pan_sin_gluten_opciones_para_celiacos_e_intolerantes\"><\/span>6. Pan sin gluten: opciones para cel\u00edacos e intolerantes<span class=\"ez-toc-section-end\"><\/span><\/h2>\n\n\n\n<p>Cada vez m\u00e1s personas requieren pan sin gluten, ya sea por enfermedad cel\u00edaca o sensibilidad al gluten no cel\u00edaca.<\/p>\n\n\n\n<ul>\n<li>Caracter\u00edsticas: depende de la harina utilizada (arroz, ma\u00edz, garbanzo, almendra, quinoa).<\/li>\n\n\n\n<li>Nutrici\u00f3n: puede ser muy variado; algunos panes industriales sin gluten tienen menos fibra y m\u00e1s aditivos, mientras que los artesanales con harinas integrales son m\u00e1s completos.<\/li>\n\n\n\n<li>En la dieta: fundamental para cel\u00edacos. Para quienes no lo son, no siempre es m\u00e1s saludable que un pan integral tradicional.<\/li>\n<\/ul>\n\n\n\n<h2 class=\"wp-block-heading\"><span class=\"ez-toc-section\" id=\"7_Pan_de_maiz_tradicion_y_energia\"><\/span>7. Pan de ma\u00edz: tradici\u00f3n y energ\u00eda<span class=\"ez-toc-section-end\"><\/span><\/h2>\n\n\n\n<p>Muy popular en Am\u00e9rica, el pan de ma\u00edz se prepara con harina de ma\u00edz, a menudo mezclada con trigo.<\/p>\n\n\n\n<ul>\n<li>Caracter\u00edsticas: color amarillo, textura granulosa y sabor dulce.<\/li>\n\n\n\n<li>Nutrici\u00f3n: fuente de carbohidratos y antioxidantes como la lute\u00edna y la zeaxantina, buenos para la salud ocular.<\/li>\n\n\n\n<li>En la dieta: excelente para acompa\u00f1ar platos tradicionales o como aporte energ\u00e9tico. No siempre es integral, por lo que conviene revisar la etiqueta.<\/li>\n<\/ul>\n\n\n\n<h2 class=\"wp-block-heading\"><span class=\"ez-toc-section\" id=\"8_Pan_de_masa_madre_la_fermentacion_lenta_que_conquista\"><\/span>8. Pan de masa madre: la fermentaci\u00f3n lenta que conquista<span class=\"ez-toc-section-end\"><\/span><\/h2>\n\n\n\n<p>La masa madre es una t\u00e9cnica ancestral de fermentaci\u00f3n natural con levaduras y bacterias presentes en el ambiente.<\/p>\n\n\n\n<ul>\n<li>Caracter\u00edsticas: corteza crujiente, miga alveolada, sabor ligeramente \u00e1cido.<\/li>\n\n\n\n<li>Nutrici\u00f3n: m\u00e1s digestible que otros panes, con mejor biodisponibilidad de minerales y un \u00edndice gluc\u00e9mico m\u00e1s bajo. Tambi\u00e9n favorece la flora intestinal.<\/li>\n\n\n\n<li>En la dieta: es una de las opciones m\u00e1s saludables y recomendadas si se elabora con harinas integrales y fermentaci\u00f3n lenta.<\/li>\n<\/ul>\n\n\n\n<h2 class=\"wp-block-heading\"><span class=\"ez-toc-section\" id=\"9_Pan_proteico_la_tendencia_fitness\"><\/span>9. Pan proteico: la tendencia fitness<span class=\"ez-toc-section-end\"><\/span><\/h2>\n\n\n\n<p>Pensado para quienes buscan aumentar la ingesta de prote\u00ednas, este tipo de pan suele elaborarse con mezclas de harinas, semillas y <strong><a href=\"https:\/\/gymer.es\/proteinas\/184-proteina-vegetal-isolate-vegan-creamy-1kg-life-pro.html\">prote\u00ednas vegetales<\/a><\/strong> o de suero.<\/p>\n\n\n\n<ul>\n<li>Caracter\u00edsticas: textura densa, sabor a cereal y semillas.<\/li>\n\n\n\n<li>Nutrici\u00f3n: alto en prote\u00ednas y fibra, menor proporci\u00f3n de carbohidratos.<\/li>\n\n\n\n<li>En la dieta: \u00fatil para deportistas o personas que siguen dietas bajas en carbohidratos, siempre revisando que no tenga demasiados aditivos.<\/li>\n<\/ul>\n\n\n\n<h2 class=\"wp-block-heading\"><span class=\"ez-toc-section\" id=\"10_Pan_con_semillas_un_plus_de_nutrientes\"><\/span>10. Pan con semillas: un plus de nutrientes<span class=\"ez-toc-section-end\"><\/span><\/h2>\n\n\n\n<p>Al pan tradicional se le pueden a\u00f1adir semillas como ch\u00eda, lino, girasol, calabaza o s\u00e9samo.<\/p>\n\n\n\n<ul>\n<li>Caracter\u00edsticas: miga con textura crujiente, sabor intenso.<\/li>\n\n\n\n<li>Nutrici\u00f3n: aporta <strong><a href=\"https:\/\/gymer.es\/salud-y-bienestar\/222-omega-3-6-9-90caps-life-pro.html\">grasas saludables<\/a><\/strong>, antioxidantes y fibra extra.<\/li>\n\n\n\n<li>En la dieta: ideal para quienes buscan saciedad prolongada y un perfil nutricional m\u00e1s completo.<\/li>\n<\/ul>\n\n\n\n<h2 class=\"wp-block-heading\"><span class=\"ez-toc-section\" id=\"%C2%BFQue_pan_elegir_segun_tu_dieta\"><\/span>\u00bfQu\u00e9 pan elegir seg\u00fan tu dieta?<span class=\"ez-toc-section-end\"><\/span><\/h2>\n\n\n\n<p>La elecci\u00f3n del pan depende de tus necesidades y objetivos:<\/p>\n\n\n\n<ul>\n<li>Para perder peso: mejor panes integrales, de centeno o de masa madre.<\/li>\n\n\n\n<li>Para deportistas: pan integral, de avena o proteico para energ\u00eda y recuperaci\u00f3n.<\/li>\n\n\n\n<li>Para diab\u00e9ticos: panes con bajo \u00edndice gluc\u00e9mico como el de centeno o el integral de masa madre.<\/li>\n\n\n\n<li>Para colesterol alto: pan de avena o con semillas.<\/li>\n\n\n\n<li>Para cel\u00edacos: pan sin gluten, preferiblemente artesanal y con harinas integrales.<\/li>\n<\/ul>\n\n\n\n<h2 class=\"wp-block-heading\"><span class=\"ez-toc-section\" id=\"Consejos_para_un_consumo_saludable_de_pan\"><\/span>Consejos para un consumo saludable de pan<span class=\"ez-toc-section-end\"><\/span><\/h2>\n\n\n\n<ol>\n<li>Revisa la etiqueta: aseg\u00farate de que el pan integral realmente est\u00e9 elaborado con harina integral como primer ingrediente.<\/li>\n\n\n\n<li>Modera las cantidades: aunque sea integral, el pan sigue siendo una fuente de carbohidratos.<\/li>\n\n\n\n<li>Comb\u00ednalo con prote\u00ednas y grasas saludables: por ejemplo, con aguacate, huevo o pescado.<\/li>\n\n\n\n<li>Prefiere lo artesanal: los panes de fermentaci\u00f3n lenta suelen ser m\u00e1s digestivos y con menos aditivos.<\/li>\n\n\n\n<li>Var\u00eda los tipos de pan: cada cereal aporta diferentes nutrientes.<\/li>\n<\/ol>\n\n\n\n<h2 class=\"wp-block-heading\"><span class=\"ez-toc-section\" id=\"Reflexion_final\"><\/span>Reflexi\u00f3n final<span class=\"ez-toc-section-end\"><\/span><\/h2>\n\n\n\n<p>El pan no tiene por qu\u00e9 ser enemigo de una dieta equilibrada. Todo depende de la variedad que elijas, la cantidad que consumas y c\u00f3mo lo combines en tus comidas. Desde el pan integral que favorece la saciedad hasta la masa madre que mejora la digesti\u00f3n, existen opciones para cada estilo de vida y necesidad.<\/p>\n\n\n\n<p>Lo m\u00e1s importante es volver a mirar al pan como lo que siempre ha sido: un alimento sencillo, nutritivo y lleno de historia, capaz de adaptarse a cualquier dieta si se consume de forma consciente.<\/p>\n","protected":false},"excerpt":{"rendered":"<p>El pan es uno de los alimentos m\u00e1s universales y antiguos de la humanidad. Desde las primeras civilizaciones que mezclaron agua y harina hasta las modernas panader\u00edas artesanales, este producto ha acompa\u00f1ado a la mesa en pr\u00e1cticamente todas las culturas. Pero, a pesar de su popularidad, sigue rodeado de preguntas: \u00bfqu\u00e9 tipo de pan es [&hellip;]<\/p>\n","protected":false},"author":2,"featured_media":1268,"comment_status":"closed","ping_status":"closed","sticky":false,"template":"","format":"standard","meta":{"footnotes":""},"categories":[3],"tags":[525,55,138,3439,3440,184,29,398,3437,61,115,30,1975,426,132,57,3433,72,3431,547,401,82,3432,3444,3438,3434,3441,883,3442,2214,3443,882,3436,591,133,3435,21,26,338,579,1337,1282,950,837],"_links":{"self":[{"href":"https:\/\/gymer.es\/blog\/wp-json\/wp\/v2\/posts\/1267"}],"collection":[{"href":"https:\/\/gymer.es\/blog\/wp-json\/wp\/v2\/posts"}],"about":[{"href":"https:\/\/gymer.es\/blog\/wp-json\/wp\/v2\/types\/post"}],"author":[{"embeddable":true,"href":"https:\/\/gymer.es\/blog\/wp-json\/wp\/v2\/users\/2"}],"replies":[{"embeddable":true,"href":"https:\/\/gymer.es\/blog\/wp-json\/wp\/v2\/comments?post=1267"}],"version-history":[{"count":1,"href":"https:\/\/gymer.es\/blog\/wp-json\/wp\/v2\/posts\/1267\/revisions"}],"predecessor-version":[{"id":1269,"href":"https:\/\/gymer.es\/blog\/wp-json\/wp\/v2\/posts\/1267\/revisions\/1269"}],"wp:featuredmedia":[{"embeddable":true,"href":"https:\/\/gymer.es\/blog\/wp-json\/wp\/v2\/media\/1268"}],"wp:attachment":[{"href":"https:\/\/gymer.es\/blog\/wp-json\/wp\/v2\/media?parent=1267"}],"wp:term":[{"taxonomy":"category","embeddable":true,"href":"https:\/\/gymer.es\/blog\/wp-json\/wp\/v2\/categories?post=1267"},{"taxonomy":"post_tag","embeddable":true,"href":"https:\/\/gymer.es\/blog\/wp-json\/wp\/v2\/tags?post=1267"}],"curies":[{"name":"wp","href":"https:\/\/api.w.org\/{rel}","templated":true}]}}